{"id":1056,"date":"2019-10-10T20:00:41","date_gmt":"2019-10-11T01:00:41","guid":{"rendered":"https:\/\/www.tamaulipas.gob.mx\/trabajo\/?p=1056"},"modified":"2019-10-16T08:42:08","modified_gmt":"2019-10-16T13:42:08","slug":"gobierno-de-tamaulipas-promueve-mas-de-mil-370-vacantes-en-la-feria-de-empleo-tampico-madero-2019","status":"publish","type":"post","link":"https:\/\/www.tamaulipas.gob.mx\/trabajo\/2019\/10\/gobierno-de-tamaulipas-promueve-mas-de-mil-370-vacantes-en-la-feria-de-empleo-tampico-madero-2019\/","title":{"rendered":"Gobierno de Tamaulipas promueve m\u00e1s de mil 370 vacantes, en la Feria de Empleo Tampico-Madero 2019"},"content":{"rendered":"<p><em><strong>El objetivo del Gobierno del Estado, es proporcionar a la poblaci\u00f3n oportunidades que permitan un ingreso familiar y garanticen tranquilidad ante las adversidades de la vida.<\/strong><\/em><\/p>\n<p style=\"text-align: right;\">ST-057-2019<\/p>\n<p>Octubre 10 del 2019<\/p>\n<p>Ciudad Madero, Tamaulipas.- Las pol\u00edticas laborales implementadas por el Gobernador Francisco Garc\u00eda Cabeza de Vaca, no solo han permitido crear m\u00e1s puestos de trabajo, sino trabajos mejor remunerados que cumplen con las prestaciones de ley, as\u00ed lo dijo la Secretaria del Trabajo en el estado, Mar\u00eda Estela Chavira Mart\u00ednez, al inaugurar la Primera Feria de Empleo, Tampico-Madero 2019.<\/p>\n<p>El evento desarrollado en las instalaciones de la Unidad Deportiva, reuni\u00f3 a buscadores de empleo de la zona conurbada Tampico, Madero y Altamira, para ser vinculados a las m\u00e1s de mil 373 ofertas laborales que ofrecieron m\u00e1s de 103 empresas.<\/p>\n<p>La funcionaria recalc\u00f3 que Tamaulipas, es referencia a nivel nacional en la creaci\u00f3n de empleos de calidad, de acuerdo a los indicadores del Instituto Mexicano del Seguro Social (IMSS), INEGI y CONEVAL.<\/p>\n<p>\u201cEl Gobernador nos han instruido generar puestos laborales que garanticen el bienestar social, y nuestro objetivo es proporcionar a la poblaci\u00f3n oportunidades que permitan un ingreso familiar y garanticen tranquilidad ante las adversidades de la vida\u201d, apunt\u00f3.<\/p>\n<p>En la Feria de Empleo, se dio arranque al programa \u201cMedios Tiempos para Estudiantes\u201d, acciones que lleva a cabo la Secretar\u00eda del Trabajo en coordinaci\u00f3n con el Servicio Nacional de Empleo Tamaulipas y la Secretar\u00eda del Educaci\u00f3n, con el que se busca vincular a estudiantes en empresas participantes.<\/p>\n<p>Tambi\u00e9n, autoridades hicieron entrega de reconocimientos a trabajadores, quienes participan del mecanismo de Movilidad Laboral, y que son candidatos para trabajar como enfermeros en Alemania, como soldador y fabricante de puertas y ventanas en Quebec, Canad\u00e1, y en el \u00e1rea de servicios de alimentos en Estados Unidos.<\/p>\n<p>El alcalde de Madero, Adri\u00e1n Oseguera Kernion, expres\u00f3 que trabajos como las Ferias de Empleo, reflejan la confianza de los inversionistas y empresarios, por seguir apost\u00e1ndole al sur de Tamaulipas, para generar m\u00e1s fuentes de empleos y mayor bienestar.<\/p>\n<p>Veintis\u00e9is empresas del ramo de servicios, 11 de la industria, 64 del comercio y 2 instituciones de gobierno, brindaron 476 plazas para \u00e1reas administrativas, 393 para t\u00e9cnicos, 214 para profesionistas y 290 empleos generales.<\/p>\n<p>Chavira Mart\u00ednez agradeci\u00f3 la participaci\u00f3n y el trabajo as\u00ed como la uni\u00f3n de voluntades de gobiernos y empresarios, pues juntos dijo, se da progreso a Tamaulipas, paz y mejor calidad de vida a los ciudadanos.<\/p>\n<p style=\"text-align: center;\">###<\/p>\n<div class='owl-gallery'><div class='item'><a href='https:\/\/www.tamaulipas.gob.mx\/trabajo\/wp-content\/uploads\/sites\/11\/2019\/10\/boletin01-6.jpeg' rel='galeria'><img src='https:\/\/www.tamaulipas.gob.mx\/trabajo\/wp-content\/uploads\/sites\/11\/2019\/10\/boletin01-6-850x500.jpeg' srcset='' sizes='auto' alt=''><\/a><figcaption><\/figcaption><\/div><div class='item'><a href='https:\/\/www.tamaulipas.gob.mx\/trabajo\/wp-content\/uploads\/sites\/11\/2019\/10\/boletin02-6.jpeg' rel='galeria'><img src='https:\/\/www.tamaulipas.gob.mx\/trabajo\/wp-content\/uploads\/sites\/11\/2019\/10\/boletin02-6-850x500.jpeg' srcset='' sizes='auto' alt=''><\/a><figcaption><\/figcaption><\/div><div class='item'><a href='https:\/\/www.tamaulipas.gob.mx\/trabajo\/wp-content\/uploads\/sites\/11\/2019\/10\/boletin03-6.jpeg' rel='galeria'><img src='https:\/\/www.tamaulipas.gob.mx\/trabajo\/wp-content\/uploads\/sites\/11\/2019\/10\/boletin03-6-850x500.jpeg' srcset='' sizes='auto' alt=''><\/a><figcaption><\/figcaption><\/div><div class='item'><a href='https:\/\/www.tamaulipas.gob.mx\/trabajo\/wp-content\/uploads\/sites\/11\/2019\/10\/boletin04-6.jpeg' rel='galeria'><img src='https:\/\/www.tamaulipas.gob.mx\/trabajo\/wp-content\/uploads\/sites\/11\/2019\/10\/boletin04-6-850x500.jpeg' srcset='' sizes='auto' alt=''><\/a><figcaption><\/figcaption><\/div><div class='item'><a href='https:\/\/www.tamaulipas.gob.mx\/trabajo\/wp-content\/uploads\/sites\/11\/2019\/10\/boletin05-5.jpeg' rel='galeria'><img src='https:\/\/www.tamaulipas.gob.mx\/trabajo\/wp-content\/uploads\/sites\/11\/2019\/10\/boletin05-5-850x500.jpeg' srcset='' sizes='auto' alt=''><\/a><figcaption><\/figcaption><\/div><div class='item'><a href='https:\/\/www.tamaulipas.gob.mx\/trabajo\/wp-content\/uploads\/sites\/11\/2019\/10\/boletin06-5.jpeg' rel='galeria'><img src='https:\/\/www.tamaulipas.gob.mx\/trabajo\/wp-content\/uploads\/sites\/11\/2019\/10\/boletin06-5-850x500.jpeg' srcset='' sizes='auto' alt=''><\/a><figcaption><\/figcaption><\/div><div class='item'><a href='https:\/\/www.tamaulipas.gob.mx\/trabajo\/wp-content\/uploads\/sites\/11\/2019\/10\/boletin07-4.jpeg' rel='galeria'><img src='https:\/\/www.tamaulipas.gob.mx\/trabajo\/wp-content\/uploads\/sites\/11\/2019\/10\/boletin07-4-850x500.jpeg' srcset='' sizes='auto' alt=''><\/a><figcaption><\/figcaption><\/div><div class='item'><a href='https:\/\/www.tamaulipas.gob.mx\/trabajo\/wp-content\/uploads\/sites\/11\/2019\/10\/boletin08-1.jpeg' rel='galeria'><img src='https:\/\/www.tamaulipas.gob.mx\/trabajo\/wp-content\/uploads\/sites\/11\/2019\/10\/boletin08-1-850x500.jpeg' srcset='' sizes='auto' alt=''><\/a><figcaption><\/figcaption><\/div><div class='item'><a href='https:\/\/www.tamaulipas.gob.mx\/trabajo\/wp-content\/uploads\/sites\/11\/2019\/10\/boletin09.jpeg' rel='galeria'><img src='https:\/\/www.tamaulipas.gob.mx\/trabajo\/wp-content\/uploads\/sites\/11\/2019\/10\/boletin09-850x500.jpeg' srcset='' sizes='auto' alt=''><\/a><figcaption><\/figcaption><\/div><div class='item'><a href='https:\/\/www.tamaulipas.gob.mx\/trabajo\/wp-content\/uploads\/sites\/11\/2019\/10\/boletin10.jpeg' rel='galeria'><img src='https:\/\/www.tamaulipas.gob.mx\/trabajo\/wp-content\/uploads\/sites\/11\/2019\/10\/boletin10-850x500.jpeg' srcset='' sizes='auto' alt=''><\/a><figcaption><\/figcaption><\/div><\/div>\n","protected":false},"excerpt":{"rendered":"<p>El objetivo del Gobierno del Estado, es proporcionar a la poblaci\u00f3n oportunidades que permitan un ingreso familiar y garanticen tranquilidad ante las adversidades de la\u2026<\/p>\n","protected":false},"author":63,"featured_media":1059,"comment_status":"closed","ping_status":"closed","sticky":false,"template":"","format":"standard","meta":{"footnotes":""},"categories":[1],"tags":[],"class_list":["post-1056","post","type-post","status-publish","format-standard","has-post-thumbnail","hentry","category-prensa"],"publishpress_future_action":{"enabled":false,"date":"2026-05-08 10:05:04","action":"change-status","newStatus":"draft","terms":[],"taxonomy":"category"},"_links":{"self":[{"href":"https:\/\/www.tamaulipas.gob.mx\/trabajo\/wp-json\/wp\/v2\/posts\/1056"}],"collection":[{"href":"https:\/\/www.tamaulipas.gob.mx\/trabajo\/wp-json\/wp\/v2\/posts"}],"about":[{"href":"https:\/\/www.tamaulipas.gob.mx\/trabajo\/wp-json\/wp\/v2\/types\/post"}],"author":[{"embeddable":true,"href":"https:\/\/www.tamaulipas.gob.mx\/trabajo\/wp-json\/wp\/v2\/users\/63"}],"replies":[{"embeddable":true,"href":"https:\/\/www.tamaulipas.gob.mx\/trabajo\/wp-json\/wp\/v2\/comments?post=1056"}],"version-history":[{"count":1,"href":"https:\/\/www.tamaulipas.gob.mx\/trabajo\/wp-json\/wp\/v2\/posts\/1056\/revisions"}],"predecessor-version":[{"id":1067,"href":"https:\/\/www.tamaulipas.gob.mx\/trabajo\/wp-json\/wp\/v2\/posts\/1056\/revisions\/1067"}],"wp:featuredmedia":[{"embeddable":true,"href":"https:\/\/www.tamaulipas.gob.mx\/trabajo\/wp-json\/wp\/v2\/media\/1059"}],"wp:attachment":[{"href":"https:\/\/www.tamaulipas.gob.mx\/trabajo\/wp-json\/wp\/v2\/media?parent=1056"}],"wp:term":[{"taxonomy":"category","embeddable":true,"href":"https:\/\/www.tamaulipas.gob.mx\/trabajo\/wp-json\/wp\/v2\/categories?post=1056"},{"taxonomy":"post_tag","embeddable":true,"href":"https:\/\/www.tamaulipas.gob.mx\/trabajo\/wp-json\/wp\/v2\/tags?post=1056"}],"curies":[{"name":"wp","href":"https:\/\/api.w.org\/{rel}","templated":true}]}}