{"id":1047,"date":"2019-10-07T20:00:49","date_gmt":"2019-10-08T01:00:49","guid":{"rendered":"https:\/\/www.tamaulipas.gob.mx\/trabajo\/?p=1047"},"modified":"2019-10-16T08:39:06","modified_gmt":"2019-10-16T13:39:06","slug":"el-gobierno-de-tamaulipas-garantiza-el-entendimiento-la-imparcialidad-y-legalidad-en-la-defensa-del-trabajo","status":"publish","type":"post","link":"https:\/\/www.tamaulipas.gob.mx\/trabajo\/2019\/10\/el-gobierno-de-tamaulipas-garantiza-el-entendimiento-la-imparcialidad-y-legalidad-en-la-defensa-del-trabajo\/","title":{"rendered":"El Gobierno de Tamaulipas garantiza el entendimiento, la imparcialidad y legalidad, en la defensa del trabajo"},"content":{"rendered":"<p><em><strong>La instrucci\u00f3n del Gobernador Francisco Garc\u00eda Cabeza de Vaca, es que se cumpla la Ley Federal del Trabajo, en beneficio de trabajadores y patrones.<\/strong><\/em><\/p>\n<p style=\"text-align: right;\">ST-056-2019<\/p>\n<p>Octubre 07 del 2019<\/p>\n<p>Ciudad Victoria, Tamaulipas.- Resultado de la atenci\u00f3n y servicios que ofrece la Procuradur\u00eda General de la Defensa del Trabajo, en lo que va del 2019, el Gobierno de Tamaulipas ha logrado gestionar para los trabajadores de la entidad un monto de $23, 409,249 pesos por concepto de convenios y liquidaciones.<\/p>\n<p>La dependencia, a cargo de la Secretar\u00eda del Trabajo, dedicada a velar y a defender los derechos laborales, ha brindado mil 467 asesor\u00edas, que han derivado en 386 demandas y mil 081 convenios.<\/p>\n<p>Mar\u00eda Estela Chavira Mart\u00ednez, responsable de la pol\u00edtica laboral en la entidad, dijo que la instrucci\u00f3n del Gobernador Francisco Garc\u00eda Cabeza de Vaca, es que se cumpla la Ley Federal del Trabajo, en beneficio de trabajadores y patrones.<\/p>\n<p>\u201cBuscamos que todos respeten los art\u00edculos constituidos en la LFT, y mediante este mecanismo, concluyan satisfactoriamente los inconvenientes generados entre el trabajador y patr\u00f3n\u201d, Apunt\u00f3.<\/p>\n<p>Dijo que en Matamoros, derivado de la din\u00e1mica ocurrida a inicios de a\u00f1o con el sector maquilador, los trabajadores recibieron atenci\u00f3n personalizada y se les proporcionaron servicios de asesor\u00eda gratuita, por cuesti\u00f3n de liquidez.<\/p>\n<p>\u201cEn Matamoros, la PGDT, han brindado 362 asesor\u00edas, se han recibido 309 quejas, 16 demandas y se han realizado 139 convenios, dando como resultado la entrega de montos econ\u00f3micos a trabajadores por m\u00e1s de $3, 588,493 pesos\u201d.<\/p>\n<p>La funcionaria recalc\u00f3 que la procuradur\u00eda cuenta con abogados quienes dan seguimiento a cada uno de los conflictos, despido injustificado, aguinaldo, prima vacacional, vacaciones entre otros.<\/p>\n<p>Invit\u00f3 a los trabajadores y p\u00fablico en general, a acercarse a las unidades de la dependencia estatal, ubicadas en los principales municipios, donde apunt\u00f3, se garantizar\u00e1 el entendimiento, la imparcialidad y legalidad.<\/p>\n<p style=\"text-align: center;\">###<\/p>\n<p>&nbsp;<\/p>\n<div class='owl-gallery'><div class='item'><a href='https:\/\/www.tamaulipas.gob.mx\/trabajo\/wp-content\/uploads\/sites\/11\/2019\/10\/boletin01-5.jpeg' rel='galeria'><img src='https:\/\/www.tamaulipas.gob.mx\/trabajo\/wp-content\/uploads\/sites\/11\/2019\/10\/boletin01-5-752x500.jpeg' srcset='' sizes='auto' alt=''><\/a><figcaption><\/figcaption><\/div><div class='item'><a href='https:\/\/www.tamaulipas.gob.mx\/trabajo\/wp-content\/uploads\/sites\/11\/2019\/10\/boletin02-5.jpeg' rel='galeria'><img src='https:\/\/www.tamaulipas.gob.mx\/trabajo\/wp-content\/uploads\/sites\/11\/2019\/10\/boletin02-5-850x500.jpeg' srcset='' sizes='auto' alt=''><\/a><figcaption><\/figcaption><\/div><div class='item'><a href='https:\/\/www.tamaulipas.gob.mx\/trabajo\/wp-content\/uploads\/sites\/11\/2019\/10\/boletin03-5.jpeg' rel='galeria'><img src='https:\/\/www.tamaulipas.gob.mx\/trabajo\/wp-content\/uploads\/sites\/11\/2019\/10\/boletin03-5-850x500.jpeg' srcset='' sizes='auto' alt=''><\/a><figcaption><\/figcaption><\/div><div class='item'><a href='https:\/\/www.tamaulipas.gob.mx\/trabajo\/wp-content\/uploads\/sites\/11\/2019\/10\/boletin04-5.jpeg' rel='galeria'><img src='https:\/\/www.tamaulipas.gob.mx\/trabajo\/wp-content\/uploads\/sites\/11\/2019\/10\/boletin04-5-850x500.jpeg' srcset='' sizes='auto' alt=''><\/a><figcaption><\/figcaption><\/div><div class='item'><a href='https:\/\/www.tamaulipas.gob.mx\/trabajo\/wp-content\/uploads\/sites\/11\/2019\/10\/boletin05-4.jpeg' rel='galeria'><img src='https:\/\/www.tamaulipas.gob.mx\/trabajo\/wp-content\/uploads\/sites\/11\/2019\/10\/boletin05-4-850x500.jpeg' srcset='' sizes='auto' alt=''><\/a><figcaption><\/figcaption><\/div><div class='item'><a href='https:\/\/www.tamaulipas.gob.mx\/trabajo\/wp-content\/uploads\/sites\/11\/2019\/10\/boletin06-4.jpeg' rel='galeria'><img src='https:\/\/www.tamaulipas.gob.mx\/trabajo\/wp-content\/uploads\/sites\/11\/2019\/10\/boletin06-4-850x500.jpeg' srcset='' sizes='auto' alt=''><\/a><figcaption><\/figcaption><\/div><\/div>\n","protected":false},"excerpt":{"rendered":"<p>La instrucci\u00f3n del Gobernador Francisco Garc\u00eda Cabeza de Vaca, es que se cumpla la Ley Federal del Trabajo, en beneficio de trabajadores y patrones. ST-056-2019\u2026<\/p>\n","protected":false},"author":63,"featured_media":1048,"comment_status":"closed","ping_status":"closed","sticky":false,"template":"","format":"standard","meta":{"footnotes":""},"categories":[1],"tags":[],"class_list":["post-1047","post","type-post","status-publish","format-standard","has-post-thumbnail","hentry","category-prensa"],"publishpress_future_action":{"enabled":false,"date":"2026-05-08 09:50:09","action":"change-status","newStatus":"draft","terms":[],"taxonomy":"category"},"_links":{"self":[{"href":"https:\/\/www.tamaulipas.gob.mx\/trabajo\/wp-json\/wp\/v2\/posts\/1047"}],"collection":[{"href":"https:\/\/www.tamaulipas.gob.mx\/trabajo\/wp-json\/wp\/v2\/posts"}],"about":[{"href":"https:\/\/www.tamaulipas.gob.mx\/trabajo\/wp-json\/wp\/v2\/types\/post"}],"author":[{"embeddable":true,"href":"https:\/\/www.tamaulipas.gob.mx\/trabajo\/wp-json\/wp\/v2\/users\/63"}],"replies":[{"embeddable":true,"href":"https:\/\/www.tamaulipas.gob.mx\/trabajo\/wp-json\/wp\/v2\/comments?post=1047"}],"version-history":[{"count":2,"href":"https:\/\/www.tamaulipas.gob.mx\/trabajo\/wp-json\/wp\/v2\/posts\/1047\/revisions"}],"predecessor-version":[{"id":1055,"href":"https:\/\/www.tamaulipas.gob.mx\/trabajo\/wp-json\/wp\/v2\/posts\/1047\/revisions\/1055"}],"wp:featuredmedia":[{"embeddable":true,"href":"https:\/\/www.tamaulipas.gob.mx\/trabajo\/wp-json\/wp\/v2\/media\/1048"}],"wp:attachment":[{"href":"https:\/\/www.tamaulipas.gob.mx\/trabajo\/wp-json\/wp\/v2\/media?parent=1047"}],"wp:term":[{"taxonomy":"category","embeddable":true,"href":"https:\/\/www.tamaulipas.gob.mx\/trabajo\/wp-json\/wp\/v2\/categories?post=1047"},{"taxonomy":"post_tag","embeddable":true,"href":"https:\/\/www.tamaulipas.gob.mx\/trabajo\/wp-json\/wp\/v2\/tags?post=1047"}],"curies":[{"name":"wp","href":"https:\/\/api.w.org\/{rel}","templated":true}]}}