{"id":1037,"date":"2019-10-04T20:00:14","date_gmt":"2019-10-05T01:00:14","guid":{"rendered":"https:\/\/www.tamaulipas.gob.mx\/trabajo\/?p=1037"},"modified":"2019-10-16T08:34:18","modified_gmt":"2019-10-16T13:34:18","slug":"gobierno-de-tamaulipas-ofrece-cursos-de-capacitacion-para-el-auto-empleo","status":"publish","type":"post","link":"https:\/\/www.tamaulipas.gob.mx\/trabajo\/2019\/10\/gobierno-de-tamaulipas-ofrece-cursos-de-capacitacion-para-el-auto-empleo\/","title":{"rendered":"Gobierno de Tamaulipas ofrece cursos de capacitaci\u00f3n para el auto empleo"},"content":{"rendered":"<p><em><strong>El Gobernador Francisco Garc\u00eda Cabeza de Vaca, est\u00e1 atento a las necesidades de las personas y busca que las y los tamaulipecos cuenten con una estabilidad laboral y econ\u00f3mica.\u00a0\u00a0<\/strong><\/em><\/p>\n<p style=\"text-align: right;\">ST-055-2019<\/p>\n<p>Octubre 04 del 2019<\/p>\n<p>Ciudad Victoria, Tamaulipas.- Mediante cursos de capacitaci\u00f3n, el Gobierno del Estado, impulsa a los tamaulipecos a buscar alternativas laborales que brinden bienestar y una mejor calidad de vida, dijo Mar\u00eda Estela Chavira Mart\u00ednez, Secretaria del Trabajo, al clausurar el curso de \u201cartesan\u00edas textiles\u201d en la capital del estado.<\/p>\n<p>Explic\u00f3 que estas acciones, correspondientes al segundo semestre del 2019, brindan la oportunidad de adquirir conocimientos, habilidades y destrezas, para que las personas logren realizar una actividad productiva, o ser contratadas directamente por una empresa.<\/p>\n<p>El Servicio Nacional de Empleo Tamaulipas, puso a disposici\u00f3n, en diversos municipios, 20 cursos de capacitaci\u00f3n, 14 de ellos para el autoempleo y 6 en la modalidad de medianas y grandes empresas.<\/p>\n<p>La funcionaria Indic\u00f3 que el Gobernador Francisco Garc\u00eda Cabeza de Vaca, est\u00e1 atento a las necesidades de las personas y busca que todos cuenten con una estabilidad laboral y econ\u00f3mica.<\/p>\n<p>Los cursos est\u00e1n enfocados a diversas especialidades y van desde panader\u00eda y reposter\u00eda, aplicaci\u00f3n y decoraci\u00f3n de u\u00f1as, bisuter\u00eda, maquillaje y peinado, u\u00f1as acr\u00edlicas, reposter\u00eda, cultora de belleza, artesan\u00edas textiles, elaboraci\u00f3n de alimentos, elaboraci\u00f3n de pi\u00f1atas, panader\u00eda, decoraci\u00f3n de pasteles, operador de tracto camiones en quinta rueda, as\u00ed como ensamblaje y manufactura de piezas automotrices.<\/p>\n<p>En las actividades, 375 personas resultaron beneficiadas no solo con el aprendizaje, sino con una beca por 2 mil 400 pesos y su reconocimientos por haber concluido el curso, as\u00ed como la posible contrataci\u00f3n por parte de empresas.<\/p>\n<p>En los 20 cursos implementados, se erogaron recursos econ\u00f3micos por $1, 197,288 pesos, provenientes de la federaci\u00f3n y estado.<\/p>\n<p style=\"text-align: center;\">###<\/p>\n<div class='owl-gallery'><div class='item'><a href='https:\/\/www.tamaulipas.gob.mx\/trabajo\/wp-content\/uploads\/sites\/11\/2019\/10\/boletin01-4.jpeg' rel='galeria'><img src='https:\/\/www.tamaulipas.gob.mx\/trabajo\/wp-content\/uploads\/sites\/11\/2019\/10\/boletin01-4-850x500.jpeg' srcset='' sizes='auto' alt=''><\/a><figcaption><\/figcaption><\/div><div class='item'><a href='https:\/\/www.tamaulipas.gob.mx\/trabajo\/wp-content\/uploads\/sites\/11\/2019\/10\/boletin02-4.jpeg' rel='galeria'><img src='https:\/\/www.tamaulipas.gob.mx\/trabajo\/wp-content\/uploads\/sites\/11\/2019\/10\/boletin02-4-850x500.jpeg' srcset='' sizes='auto' alt=''><\/a><figcaption><\/figcaption><\/div><div class='item'><a href='https:\/\/www.tamaulipas.gob.mx\/trabajo\/wp-content\/uploads\/sites\/11\/2019\/10\/boletin03-4.jpeg' rel='galeria'><img src='https:\/\/www.tamaulipas.gob.mx\/trabajo\/wp-content\/uploads\/sites\/11\/2019\/10\/boletin03-4-850x500.jpeg' srcset='' sizes='auto' alt=''><\/a><figcaption><\/figcaption><\/div><div class='item'><a href='https:\/\/www.tamaulipas.gob.mx\/trabajo\/wp-content\/uploads\/sites\/11\/2019\/10\/boletin04-4.jpeg' rel='galeria'><img src='https:\/\/www.tamaulipas.gob.mx\/trabajo\/wp-content\/uploads\/sites\/11\/2019\/10\/boletin04-4-850x500.jpeg' srcset='' sizes='auto' alt=''><\/a><figcaption><\/figcaption><\/div><div class='item'><a href='https:\/\/www.tamaulipas.gob.mx\/trabajo\/wp-content\/uploads\/sites\/11\/2019\/10\/boletin05-3.jpeg' rel='galeria'><img src='https:\/\/www.tamaulipas.gob.mx\/trabajo\/wp-content\/uploads\/sites\/11\/2019\/10\/boletin05-3-850x500.jpeg' srcset='' sizes='auto' alt=''><\/a><figcaption><\/figcaption><\/div><div class='item'><a href='https:\/\/www.tamaulipas.gob.mx\/trabajo\/wp-content\/uploads\/sites\/11\/2019\/10\/boletin06-3.jpeg' rel='galeria'><img src='https:\/\/www.tamaulipas.gob.mx\/trabajo\/wp-content\/uploads\/sites\/11\/2019\/10\/boletin06-3-850x500.jpeg' srcset='' sizes='auto' alt=''><\/a><figcaption><\/figcaption><\/div><div class='item'><a href='https:\/\/www.tamaulipas.gob.mx\/trabajo\/wp-content\/uploads\/sites\/11\/2019\/10\/boletin07-3.jpeg' rel='galeria'><img src='https:\/\/www.tamaulipas.gob.mx\/trabajo\/wp-content\/uploads\/sites\/11\/2019\/10\/boletin07-3-850x500.jpeg' srcset='' sizes='auto' alt=''><\/a><figcaption><\/figcaption><\/div><\/div>\n","protected":false},"excerpt":{"rendered":"<p>El Gobernador Francisco Garc\u00eda Cabeza de Vaca, est\u00e1 atento a las necesidades de las personas y busca que las y los tamaulipecos cuenten con una\u2026<\/p>\n","protected":false},"author":63,"featured_media":1043,"comment_status":"closed","ping_status":"closed","sticky":false,"template":"","format":"standard","meta":{"footnotes":""},"categories":[1],"tags":[],"class_list":["post-1037","post","type-post","status-publish","format-standard","has-post-thumbnail","hentry","category-prensa"],"publishpress_future_action":{"enabled":false,"date":"2026-05-08 09:50:08","action":"change-status","newStatus":"draft","terms":[],"taxonomy":"category"},"_links":{"self":[{"href":"https:\/\/www.tamaulipas.gob.mx\/trabajo\/wp-json\/wp\/v2\/posts\/1037"}],"collection":[{"href":"https:\/\/www.tamaulipas.gob.mx\/trabajo\/wp-json\/wp\/v2\/posts"}],"about":[{"href":"https:\/\/www.tamaulipas.gob.mx\/trabajo\/wp-json\/wp\/v2\/types\/post"}],"author":[{"embeddable":true,"href":"https:\/\/www.tamaulipas.gob.mx\/trabajo\/wp-json\/wp\/v2\/users\/63"}],"replies":[{"embeddable":true,"href":"https:\/\/www.tamaulipas.gob.mx\/trabajo\/wp-json\/wp\/v2\/comments?post=1037"}],"version-history":[{"count":2,"href":"https:\/\/www.tamaulipas.gob.mx\/trabajo\/wp-json\/wp\/v2\/posts\/1037\/revisions"}],"predecessor-version":[{"id":1046,"href":"https:\/\/www.tamaulipas.gob.mx\/trabajo\/wp-json\/wp\/v2\/posts\/1037\/revisions\/1046"}],"wp:featuredmedia":[{"embeddable":true,"href":"https:\/\/www.tamaulipas.gob.mx\/trabajo\/wp-json\/wp\/v2\/media\/1043"}],"wp:attachment":[{"href":"https:\/\/www.tamaulipas.gob.mx\/trabajo\/wp-json\/wp\/v2\/media?parent=1037"}],"wp:term":[{"taxonomy":"category","embeddable":true,"href":"https:\/\/www.tamaulipas.gob.mx\/trabajo\/wp-json\/wp\/v2\/categories?post=1037"},{"taxonomy":"post_tag","embeddable":true,"href":"https:\/\/www.tamaulipas.gob.mx\/trabajo\/wp-json\/wp\/v2\/tags?post=1037"}],"curies":[{"name":"wp","href":"https:\/\/api.w.org\/{rel}","templated":true}]}}