{"id":1027,"date":"2019-10-03T20:00:45","date_gmt":"2019-10-04T01:00:45","guid":{"rendered":"https:\/\/www.tamaulipas.gob.mx\/trabajo\/?p=1027"},"modified":"2019-10-16T08:31:22","modified_gmt":"2019-10-16T13:31:22","slug":"inaugura-gobierno-del-estado-feria-de-movilidad-laboral-mante-2019","status":"publish","type":"post","link":"https:\/\/www.tamaulipas.gob.mx\/trabajo\/2019\/10\/inaugura-gobierno-del-estado-feria-de-movilidad-laboral-mante-2019\/","title":{"rendered":"Inaugura Gobierno del Estado Feria de Movilidad laboral, Mante 2019"},"content":{"rendered":"<p><em><strong>La regi\u00f3n ca\u00f1era, cuenta con mano de obra calificada, personas honradas y trabajadoras, que tienen un esp\u00edritu de lucha que los define ante las adversidades.<\/strong><\/em><\/p>\n<p style=\"text-align: right;\">ST-054-2019<\/p>\n<p>Octubre 03 del 2019<\/p>\n<p>El Mante, Tamaulipas.-\u00a0 M\u00e1s de 20 empresas participaron en la Primera Feria de Movilidad Laboral, Mante 2019, para ofertar m\u00e1s de 404 vacantes, ubicadas en la regi\u00f3n norte, centro y sur de la entidad.<\/p>\n<p>El evento realizado por el Gobierno de Tamaulipas, mediante la Secretar\u00eda del Trabajo, en coordinaci\u00f3n con el Servicio Nacional de Empleo Tamaulipas, se desarroll\u00f3 en las instalaciones de la presidencia municipal, y reuni\u00f3 a autoridades de gobierno, empresarios y solicitantes de empleo.<\/p>\n<p>Empresas de Reynosa, Matamoros, El Mante, Victoria y Altamira, pusieron a disposici\u00f3n de los matenses, bolsa de trabajo para la industria, comercio y servicio: 280 para operarios, 99 para t\u00e9cnicos y 25 para profesionistas.<\/p>\n<p>Mar\u00eda Estela Chavira Mart\u00ednez, Secretar\u00eda del Trabajo, dijo que la regi\u00f3n ca\u00f1era, cuenta con mano de obra calificada, personas honradas y trabajadoras, que tienen un esp\u00edritu de lucha que los define ante las adversidades.<\/p>\n<p>\u201cEl Gobernador Francisco Garc\u00eda Cabeza de Vaca, pone a disposici\u00f3n oportunidades laborales, y las empresas que nos acompa\u00f1an, vienen a buscarlos a ustedes por tener cualidades\u201d.<\/p>\n<p>El alcalde de El Mante, Jos\u00e9 Mateo V\u00e1squez Ontiveros, dio a conocer que el municipio cuenta con potencial de desarrollo econ\u00f3mico y capital humano, por lo que tiene la obligaci\u00f3n de asegurar oportunidades para las personas de esa regi\u00f3n.<\/p>\n<p>Los funcionarios, agradecieron a los empleadores su compromiso por buscar mano de obra en otras localidades, y a los buscadores de empleo, los invitaron tener nuevas experiencias, sobre todo laborales que les haga alcanzar y tener \u00e9xito en su vida.<\/p>\n<p>&nbsp;<\/p>\n<p style=\"text-align: center;\">###<\/p>\n<p>&nbsp;<\/p>\n<div class='owl-gallery'><div class='item'><a href='https:\/\/www.tamaulipas.gob.mx\/trabajo\/wp-content\/uploads\/sites\/11\/2019\/10\/boletin01-3.jpeg' rel='galeria'><img src='https:\/\/www.tamaulipas.gob.mx\/trabajo\/wp-content\/uploads\/sites\/11\/2019\/10\/boletin01-3-850x500.jpeg' srcset='' sizes='auto' alt=''><\/a><figcaption><\/figcaption><\/div><div class='item'><a href='https:\/\/www.tamaulipas.gob.mx\/trabajo\/wp-content\/uploads\/sites\/11\/2019\/10\/boletin02-3.jpeg' rel='galeria'><img src='https:\/\/www.tamaulipas.gob.mx\/trabajo\/wp-content\/uploads\/sites\/11\/2019\/10\/boletin02-3-850x500.jpeg' srcset='' sizes='auto' alt=''><\/a><figcaption><\/figcaption><\/div><div class='item'><a href='https:\/\/www.tamaulipas.gob.mx\/trabajo\/wp-content\/uploads\/sites\/11\/2019\/10\/boletin03-3.jpeg' rel='galeria'><img src='https:\/\/www.tamaulipas.gob.mx\/trabajo\/wp-content\/uploads\/sites\/11\/2019\/10\/boletin03-3-850x500.jpeg' srcset='' sizes='auto' alt=''><\/a><figcaption><\/figcaption><\/div><div class='item'><a href='https:\/\/www.tamaulipas.gob.mx\/trabajo\/wp-content\/uploads\/sites\/11\/2019\/10\/boletin04-3.jpeg' rel='galeria'><img src='https:\/\/www.tamaulipas.gob.mx\/trabajo\/wp-content\/uploads\/sites\/11\/2019\/10\/boletin04-3-850x500.jpeg' srcset='' sizes='auto' alt=''><\/a><figcaption><\/figcaption><\/div><div class='item'><a href='https:\/\/www.tamaulipas.gob.mx\/trabajo\/wp-content\/uploads\/sites\/11\/2019\/10\/boletin05-2.jpeg' rel='galeria'><img src='https:\/\/www.tamaulipas.gob.mx\/trabajo\/wp-content\/uploads\/sites\/11\/2019\/10\/boletin05-2-850x500.jpeg' srcset='' sizes='auto' alt=''><\/a><figcaption><\/figcaption><\/div><div class='item'><a href='https:\/\/www.tamaulipas.gob.mx\/trabajo\/wp-content\/uploads\/sites\/11\/2019\/10\/boletin06-2.jpeg' rel='galeria'><img src='https:\/\/www.tamaulipas.gob.mx\/trabajo\/wp-content\/uploads\/sites\/11\/2019\/10\/boletin06-2-850x500.jpeg' srcset='' sizes='auto' alt=''><\/a><figcaption><\/figcaption><\/div><div class='item'><a href='https:\/\/www.tamaulipas.gob.mx\/trabajo\/wp-content\/uploads\/sites\/11\/2019\/10\/boletin07-2.jpeg' rel='galeria'><img src='https:\/\/www.tamaulipas.gob.mx\/trabajo\/wp-content\/uploads\/sites\/11\/2019\/10\/boletin07-2-850x500.jpeg' srcset='' sizes='auto' alt=''><\/a><figcaption><\/figcaption><\/div><\/div>\n","protected":false},"excerpt":{"rendered":"<p>La regi\u00f3n ca\u00f1era, cuenta con mano de obra calificada, personas honradas y trabajadoras, que tienen un esp\u00edritu de lucha que los define ante las adversidades.\u2026<\/p>\n","protected":false},"author":63,"featured_media":1032,"comment_status":"closed","ping_status":"closed","sticky":false,"template":"","format":"standard","meta":{"footnotes":""},"categories":[1],"tags":[],"class_list":["post-1027","post","type-post","status-publish","format-standard","has-post-thumbnail","hentry","category-prensa"],"publishpress_future_action":{"enabled":false,"date":"2026-05-08 09:48:48","action":"change-status","newStatus":"draft","terms":[],"taxonomy":"category"},"_links":{"self":[{"href":"https:\/\/www.tamaulipas.gob.mx\/trabajo\/wp-json\/wp\/v2\/posts\/1027"}],"collection":[{"href":"https:\/\/www.tamaulipas.gob.mx\/trabajo\/wp-json\/wp\/v2\/posts"}],"about":[{"href":"https:\/\/www.tamaulipas.gob.mx\/trabajo\/wp-json\/wp\/v2\/types\/post"}],"author":[{"embeddable":true,"href":"https:\/\/www.tamaulipas.gob.mx\/trabajo\/wp-json\/wp\/v2\/users\/63"}],"replies":[{"embeddable":true,"href":"https:\/\/www.tamaulipas.gob.mx\/trabajo\/wp-json\/wp\/v2\/comments?post=1027"}],"version-history":[{"count":2,"href":"https:\/\/www.tamaulipas.gob.mx\/trabajo\/wp-json\/wp\/v2\/posts\/1027\/revisions"}],"predecessor-version":[{"id":1036,"href":"https:\/\/www.tamaulipas.gob.mx\/trabajo\/wp-json\/wp\/v2\/posts\/1027\/revisions\/1036"}],"wp:featuredmedia":[{"embeddable":true,"href":"https:\/\/www.tamaulipas.gob.mx\/trabajo\/wp-json\/wp\/v2\/media\/1032"}],"wp:attachment":[{"href":"https:\/\/www.tamaulipas.gob.mx\/trabajo\/wp-json\/wp\/v2\/media?parent=1027"}],"wp:term":[{"taxonomy":"category","embeddable":true,"href":"https:\/\/www.tamaulipas.gob.mx\/trabajo\/wp-json\/wp\/v2\/categories?post=1027"},{"taxonomy":"post_tag","embeddable":true,"href":"https:\/\/www.tamaulipas.gob.mx\/trabajo\/wp-json\/wp\/v2\/tags?post=1027"}],"curies":[{"name":"wp","href":"https:\/\/api.w.org\/{rel}","templated":true}]}}