{"id":1021,"date":"2019-09-30T20:00:28","date_gmt":"2019-10-01T01:00:28","guid":{"rendered":"https:\/\/www.tamaulipas.gob.mx\/trabajo\/?p=1021"},"modified":"2019-10-16T08:28:11","modified_gmt":"2019-10-16T13:28:11","slug":"beneficiarios-del-sne-premiados-por-participar-en-convocatoria-de-contraloria-social-2019","status":"publish","type":"post","link":"https:\/\/www.tamaulipas.gob.mx\/trabajo\/2019\/09\/beneficiarios-del-sne-premiados-por-participar-en-convocatoria-de-contraloria-social-2019\/","title":{"rendered":"Beneficiarios del SNE, premiados por participar en convocatoria de Contralor\u00eda Social 2019"},"content":{"rendered":"<p><em><strong>El Gobernador Francisco Garc\u00eda Cabeza de Vaca, fomenta la transparencia, la rendici\u00f3n de cuentas y evita casos de corrupci\u00f3n en el ejercicio de los programas.<\/strong><\/em><\/p>\n<p style=\"text-align: right;\">ST-053-2019<\/p>\n<p>Septiembre 30 del 2019<\/p>\n<p>Ciudad Victoria, Tamaulipas.- \u00a0Dos comit\u00e9s de contralor\u00eda pertenecientes al Servicio Nacional de Empleo Tamaulipas, resultaron ganadores de la Primera Categor\u00eda, de la Etapa Estatal de la Onceava Edici\u00f3n del Premio Nacional de Contralor\u00eda Social 2019, organizada por la Secretar\u00eda de la Funci\u00f3n P\u00fablica y la Comisi\u00f3n Permanente de Contralores Estados-Federaci\u00f3n.<\/p>\n<p>Se trata de los comit\u00e9s de Reposter\u00eda y Habilidades Transversales, correspondientes al Programa de Apoyo al Empleo, a cargo del Gobierno del Estado y operados por la Secretar\u00eda del Trabajo, en coordinaci\u00f3n con el SNE Tamaulipas.<\/p>\n<p>A los ganadores, les fueron entregados por la Contralor\u00eda Gubernamental del Estado, los cheque de 10 y 15 mil pesos, e integrantes est\u00e1n encargados de supervisar las actividades y gestiones p\u00fablicas de dichos programas.<\/p>\n<p>Mar\u00eda Estela Chavira Mart\u00ednez, responsable de la pol\u00edtica laboral en la entidad, manifest\u00f3 que con esta actividad, el Gobernador Francisco Garc\u00eda Cabeza de Vaca, fomenta la transparencia, la rendici\u00f3n de cuentas y evita casos de corrupci\u00f3n.<\/p>\n<p>\u201cNosotros participamos, buscamos a los integrantes de los comit\u00e9s, a ellos se les unieron dependencias como el ITCA, Secretar\u00eda de Educaci\u00f3n y Secretar\u00eda de Salud, presentaron sus experiencias relacionadas con la tarea p\u00fablica y resultaron premiados, segundo y tercer lugar\u201d.<\/p>\n<p>Silvia Arlet Soto \u00c1valos, integrante del comit\u00e9 de reposter\u00eda, expres\u00f3 sentirse satisfecha, pues dijo, s\u00f3lo hicieron el trabajo que les gusta, decidieron enfrentar un reto, adem\u00e1s de participar del curso de reposter\u00eda, manifestaron su deseo a favor de que funcionarios cumplan con sus responsabilidades.<\/p>\n<p>Explic\u00f3 que el objetivo es impulsar la participaci\u00f3n ciudadana y promover la denuncia de aquellos funcionarios que est\u00e9n haciendo mal uso del recurso aplicado en los programas en los que participan.<\/p>\n<p>La funcionaria agradeci\u00f3 a las personas integrantes de los comit\u00e9s del SNE Tamaulipas, haber participado y sumado en los trabajos organizados por la contralor\u00eda y gobierno del estado, los cuales estimulan a mejorar las pol\u00edticas y pr\u00e1cticas gubernamentales.<\/p>\n<p style=\"text-align: center;\">###<\/p>\n<p>&nbsp;<\/p>\n<div class='owl-gallery'><div class='item'><a href='https:\/\/www.tamaulipas.gob.mx\/trabajo\/wp-content\/uploads\/sites\/11\/2019\/10\/boletin01-2.jpeg' rel='galeria'><img src='https:\/\/www.tamaulipas.gob.mx\/trabajo\/wp-content\/uploads\/sites\/11\/2019\/10\/boletin01-2-850x500.jpeg' srcset='' sizes='auto' alt=''><\/a><figcaption><\/figcaption><\/div><div class='item'><a href='https:\/\/www.tamaulipas.gob.mx\/trabajo\/wp-content\/uploads\/sites\/11\/2019\/10\/boletin02-2.jpeg' rel='galeria'><img src='https:\/\/www.tamaulipas.gob.mx\/trabajo\/wp-content\/uploads\/sites\/11\/2019\/10\/boletin02-2-850x500.jpeg' srcset='' sizes='auto' alt=''><\/a><figcaption><\/figcaption><\/div><div class='item'><a href='https:\/\/www.tamaulipas.gob.mx\/trabajo\/wp-content\/uploads\/sites\/11\/2019\/10\/boletin03-2.jpeg' rel='galeria'><img src='https:\/\/www.tamaulipas.gob.mx\/trabajo\/wp-content\/uploads\/sites\/11\/2019\/10\/boletin03-2-850x500.jpeg' srcset='' sizes='auto' alt=''><\/a><figcaption><\/figcaption><\/div><div class='item'><a href='https:\/\/www.tamaulipas.gob.mx\/trabajo\/wp-content\/uploads\/sites\/11\/2019\/10\/boletin04-2.jpeg' rel='galeria'><img src='https:\/\/www.tamaulipas.gob.mx\/trabajo\/wp-content\/uploads\/sites\/11\/2019\/10\/boletin04-2-850x500.jpeg' srcset='' sizes='auto' alt=''><\/a><figcaption><\/figcaption><\/div><\/div>\n","protected":false},"excerpt":{"rendered":"<p>El Gobernador Francisco Garc\u00eda Cabeza de Vaca, fomenta la transparencia, la rendici\u00f3n de cuentas y evita casos de corrupci\u00f3n en el ejercicio de los programas.\u2026<\/p>\n","protected":false},"author":63,"featured_media":1025,"comment_status":"closed","ping_status":"closed","sticky":false,"template":"","format":"standard","meta":{"footnotes":""},"categories":[1],"tags":[],"class_list":["post-1021","post","type-post","status-publish","format-standard","has-post-thumbnail","hentry","category-prensa"],"publishpress_future_action":{"enabled":false,"date":"2026-05-08 09:50:02","action":"change-status","newStatus":"draft","terms":[],"taxonomy":"category"},"_links":{"self":[{"href":"https:\/\/www.tamaulipas.gob.mx\/trabajo\/wp-json\/wp\/v2\/posts\/1021"}],"collection":[{"href":"https:\/\/www.tamaulipas.gob.mx\/trabajo\/wp-json\/wp\/v2\/posts"}],"about":[{"href":"https:\/\/www.tamaulipas.gob.mx\/trabajo\/wp-json\/wp\/v2\/types\/post"}],"author":[{"embeddable":true,"href":"https:\/\/www.tamaulipas.gob.mx\/trabajo\/wp-json\/wp\/v2\/users\/63"}],"replies":[{"embeddable":true,"href":"https:\/\/www.tamaulipas.gob.mx\/trabajo\/wp-json\/wp\/v2\/comments?post=1021"}],"version-history":[{"count":1,"href":"https:\/\/www.tamaulipas.gob.mx\/trabajo\/wp-json\/wp\/v2\/posts\/1021\/revisions"}],"predecessor-version":[{"id":1026,"href":"https:\/\/www.tamaulipas.gob.mx\/trabajo\/wp-json\/wp\/v2\/posts\/1021\/revisions\/1026"}],"wp:featuredmedia":[{"embeddable":true,"href":"https:\/\/www.tamaulipas.gob.mx\/trabajo\/wp-json\/wp\/v2\/media\/1025"}],"wp:attachment":[{"href":"https:\/\/www.tamaulipas.gob.mx\/trabajo\/wp-json\/wp\/v2\/media?parent=1021"}],"wp:term":[{"taxonomy":"category","embeddable":true,"href":"https:\/\/www.tamaulipas.gob.mx\/trabajo\/wp-json\/wp\/v2\/categories?post=1021"},{"taxonomy":"post_tag","embeddable":true,"href":"https:\/\/www.tamaulipas.gob.mx\/trabajo\/wp-json\/wp\/v2\/tags?post=1021"}],"curies":[{"name":"wp","href":"https:\/\/api.w.org\/{rel}","templated":true}]}}