{"id":1010,"date":"2019-09-26T20:00:57","date_gmt":"2019-09-27T01:00:57","guid":{"rendered":"https:\/\/www.tamaulipas.gob.mx\/trabajo\/?p=1010"},"modified":"2019-10-16T08:24:13","modified_gmt":"2019-10-16T13:24:13","slug":"gobierno-del-estado-inaugura-segunda-feria-de-empleo-en-matamoros","status":"publish","type":"post","link":"https:\/\/www.tamaulipas.gob.mx\/trabajo\/2019\/09\/gobierno-del-estado-inaugura-segunda-feria-de-empleo-en-matamoros\/","title":{"rendered":"Gobierno del Estado, inaugura Segunda Feria de Empleo en Matamoros"},"content":{"rendered":"<p><em><strong>\u201cTamaulipas destaca en el \u00e1mbito laboral, no s\u00f3lo somos el Estado del norte de la Rep\u00fablica que m\u00e1s empleos genera, si no tambi\u00e9n uno de los principales a nivel nacional\u201d.<\/strong><\/em><\/p>\n<p style=\"text-align: right;\">ST-052-2019<\/p>\n<p>Septiembre 26 del 2019<\/p>\n<p>Matamoros, Tamaulipas.- Mediante la vinculaci\u00f3n laboral, el gobernador Francisco Garc\u00eda Cabeza de Vaca, crea las condiciones para que los tamaulipecos encuentren una oferta de trabajo formal para satisfacer sus necesidades, as\u00ed lo dio a conocer la Secretaria del Trabajo, Mar\u00eda Estela Chavira Mart\u00ednez, al inaugurar la Segunda Feria de Empleo, Matamoros 2019.<\/p>\n<p>La encargada de la pol\u00edtica laboral en el Estado, explic\u00f3 que Tamaulipas mantienen el registro de un \u00edndice de desempleo del 2.98 %, indicador m\u00e1s bajos de acuerdo al INEGI, y aclar\u00f3 que seguir\u00e1n por ese camino, impulsando y promoviendo la creaci\u00f3n de m\u00e1s fuentes de empleo.<\/p>\n<p>\u201cTamaulipas destaca en el \u00e1mbito laboral, no s\u00f3lo somos el Estado del norte de la Rep\u00fablica que m\u00e1s empleos genera, si no tambi\u00e9n uno de los principales a nivel nacional\u201d.<\/p>\n<p>En la Feria de Empleo, realizada en el Centro de Convenciones Mundo Nuevo, se reunieron m\u00e1s de 120 empresas, para ofertar 2 mil 994 plazas; 2 mil 481 para operarios, 48 para t\u00e9cnicos, 343 para profesionistas, 25 para el \u00e1rea industrial, 53 para el comercio y 44 para servicios.<\/p>\n<p>Mario Alberto L\u00f3pez Hern\u00e1ndez, presidente de Matamoros, manifest\u00f3 que las acciones emprendidas, son una conjugaci\u00f3n de esfuerzos entre Estado, municipio y sociedad civil, para bajar la tasa de empleo en esa zona, y brindar un mejor porvenir a sus habitantes.<\/p>\n<p>En el evento, en el que participaron autoridades de los tres niveles de gobierno, organismos y c\u00e1maras empresariales as\u00ed como p\u00fablico en general, se expuso que Matamoros cuenta con mano de obra calificada, y para seguir de esa forma, Chavira Mart\u00ednez, solicit\u00f3 a los participantes, aportar lo mejor de s\u00ed, hacer equipo y generar el di\u00e1logo, para tener mejores condiciones de progreso.<\/p>\n<p>&nbsp;<\/p>\n<p style=\"text-align: center;\">###<\/p>\n<p>&nbsp;<\/p>\n<div class='owl-gallery'><div class='item'><a href='https:\/\/www.tamaulipas.gob.mx\/trabajo\/wp-content\/uploads\/sites\/11\/2019\/10\/boletin01-1.jpeg' rel='galeria'><img src='https:\/\/www.tamaulipas.gob.mx\/trabajo\/wp-content\/uploads\/sites\/11\/2019\/10\/boletin01-1-850x500.jpeg' srcset='' sizes='auto' alt=''><\/a><figcaption><\/figcaption><\/div><div class='item'><a href='https:\/\/www.tamaulipas.gob.mx\/trabajo\/wp-content\/uploads\/sites\/11\/2019\/10\/boletin02-1.jpeg' rel='galeria'><img src='https:\/\/www.tamaulipas.gob.mx\/trabajo\/wp-content\/uploads\/sites\/11\/2019\/10\/boletin02-1-850x500.jpeg' srcset='' sizes='auto' alt=''><\/a><figcaption><\/figcaption><\/div><div class='item'><a href='https:\/\/www.tamaulipas.gob.mx\/trabajo\/wp-content\/uploads\/sites\/11\/2019\/10\/boletin03-1.jpeg' rel='galeria'><img src='https:\/\/www.tamaulipas.gob.mx\/trabajo\/wp-content\/uploads\/sites\/11\/2019\/10\/boletin03-1-850x500.jpeg' srcset='' sizes='auto' alt=''><\/a><figcaption><\/figcaption><\/div><div class='item'><a href='https:\/\/www.tamaulipas.gob.mx\/trabajo\/wp-content\/uploads\/sites\/11\/2019\/10\/boletin04-1.jpeg' rel='galeria'><img src='https:\/\/www.tamaulipas.gob.mx\/trabajo\/wp-content\/uploads\/sites\/11\/2019\/10\/boletin04-1-850x500.jpeg' srcset='' sizes='auto' alt=''><\/a><figcaption><\/figcaption><\/div><div class='item'><a href='https:\/\/www.tamaulipas.gob.mx\/trabajo\/wp-content\/uploads\/sites\/11\/2019\/10\/boletin05-1.jpeg' rel='galeria'><img src='https:\/\/www.tamaulipas.gob.mx\/trabajo\/wp-content\/uploads\/sites\/11\/2019\/10\/boletin05-1-850x500.jpeg' srcset='' sizes='auto' alt=''><\/a><figcaption><\/figcaption><\/div><div class='item'><a href='https:\/\/www.tamaulipas.gob.mx\/trabajo\/wp-content\/uploads\/sites\/11\/2019\/10\/boletin06-1.jpeg' rel='galeria'><img src='https:\/\/www.tamaulipas.gob.mx\/trabajo\/wp-content\/uploads\/sites\/11\/2019\/10\/boletin06-1-850x500.jpeg' srcset='' sizes='auto' alt=''><\/a><figcaption><\/figcaption><\/div><div class='item'><a href='https:\/\/www.tamaulipas.gob.mx\/trabajo\/wp-content\/uploads\/sites\/11\/2019\/10\/boletin07-1.jpeg' rel='galeria'><img src='https:\/\/www.tamaulipas.gob.mx\/trabajo\/wp-content\/uploads\/sites\/11\/2019\/10\/boletin07-1-850x500.jpeg' srcset='' sizes='auto' alt=''><\/a><figcaption><\/figcaption><\/div><div class='item'><a href='https:\/\/www.tamaulipas.gob.mx\/trabajo\/wp-content\/uploads\/sites\/11\/2019\/10\/boletin08.jpeg' rel='galeria'><img src='https:\/\/www.tamaulipas.gob.mx\/trabajo\/wp-content\/uploads\/sites\/11\/2019\/10\/boletin08-850x500.jpeg' srcset='' sizes='auto' alt=''><\/a><figcaption><\/figcaption><\/div><\/div>\n","protected":false},"excerpt":{"rendered":"<p>\u201cTamaulipas destaca en el \u00e1mbito laboral, no s\u00f3lo somos el Estado del norte de la Rep\u00fablica que m\u00e1s empleos genera, si no tambi\u00e9n uno de\u2026<\/p>\n","protected":false},"author":63,"featured_media":1015,"comment_status":"closed","ping_status":"closed","sticky":false,"template":"","format":"standard","meta":{"footnotes":""},"categories":[1],"tags":[],"class_list":["post-1010","post","type-post","status-publish","format-standard","has-post-thumbnail","hentry","category-prensa"],"publishpress_future_action":{"enabled":false,"date":"2026-05-08 09:49:04","action":"change-status","newStatus":"draft","terms":[],"taxonomy":"category"},"_links":{"self":[{"href":"https:\/\/www.tamaulipas.gob.mx\/trabajo\/wp-json\/wp\/v2\/posts\/1010"}],"collection":[{"href":"https:\/\/www.tamaulipas.gob.mx\/trabajo\/wp-json\/wp\/v2\/posts"}],"about":[{"href":"https:\/\/www.tamaulipas.gob.mx\/trabajo\/wp-json\/wp\/v2\/types\/post"}],"author":[{"embeddable":true,"href":"https:\/\/www.tamaulipas.gob.mx\/trabajo\/wp-json\/wp\/v2\/users\/63"}],"replies":[{"embeddable":true,"href":"https:\/\/www.tamaulipas.gob.mx\/trabajo\/wp-json\/wp\/v2\/comments?post=1010"}],"version-history":[{"count":2,"href":"https:\/\/www.tamaulipas.gob.mx\/trabajo\/wp-json\/wp\/v2\/posts\/1010\/revisions"}],"predecessor-version":[{"id":1020,"href":"https:\/\/www.tamaulipas.gob.mx\/trabajo\/wp-json\/wp\/v2\/posts\/1010\/revisions\/1020"}],"wp:featuredmedia":[{"embeddable":true,"href":"https:\/\/www.tamaulipas.gob.mx\/trabajo\/wp-json\/wp\/v2\/media\/1015"}],"wp:attachment":[{"href":"https:\/\/www.tamaulipas.gob.mx\/trabajo\/wp-json\/wp\/v2\/media?parent=1010"}],"wp:term":[{"taxonomy":"category","embeddable":true,"href":"https:\/\/www.tamaulipas.gob.mx\/trabajo\/wp-json\/wp\/v2\/categories?post=1010"},{"taxonomy":"post_tag","embeddable":true,"href":"https:\/\/www.tamaulipas.gob.mx\/trabajo\/wp-json\/wp\/v2\/tags?post=1010"}],"curies":[{"name":"wp","href":"https:\/\/api.w.org\/{rel}","templated":true}]}}