{"id":1000,"date":"2019-09-24T20:00:53","date_gmt":"2019-09-25T01:00:53","guid":{"rendered":"https:\/\/www.tamaulipas.gob.mx\/trabajo\/?p=1000"},"modified":"2019-10-16T08:21:14","modified_gmt":"2019-10-16T13:21:14","slug":"gobierno-del-estado-arranca-el-programa-dialogos-por-la-conciliacion-y-la-paz-laboral-en-tamaulipas","status":"publish","type":"post","link":"https:\/\/www.tamaulipas.gob.mx\/trabajo\/2019\/09\/gobierno-del-estado-arranca-el-programa-dialogos-por-la-conciliacion-y-la-paz-laboral-en-tamaulipas\/","title":{"rendered":"Gobierno del Estado, arranca el programa \u201cDi\u00e1logos por la Conciliaci\u00f3n y la Paz laboral en Tamaulipas\u201d"},"content":{"rendered":"<p><em><strong>\u201cEl Gobernador Francisco Garc\u00eda Cabeza de Vaca, construye lazos de confianza y una conciliaci\u00f3n que sea equilibrada y que brinde esperanza y paz laboral\u201d.<\/strong><\/em><\/p>\n<p style=\"text-align: right;\">ST-051-2019<\/p>\n<p style=\"text-align: left;\">Septiembre 24 del 2019<\/p>\n<p>Matamoros, Tamaulipas.- El Gobierno del Estado, dio arranque de manera oficial, al programa \u201cDi\u00e1logos por la Conciliaci\u00f3n y la Paz Laboral en Tamaulipas\u201d, cuyo objetivo es brindar pl\u00e1ticas y asesor\u00eda a los trabajadores, a fin de aclarar de forma transparente las dudas que tienen en cuanto a sus nuevos derechos laborales, tras la reforma al Art\u00edculo 123 y las adecuaciones a la Ley Federal del Trabajo<\/p>\n<p>La Secretar\u00eda del Trabajo, mediante la Direcci\u00f3n de Inspecci\u00f3n y Previsi\u00f3n Social, busca sin dar preferencia a ninguna de las partes: sindicato, empresa o trabajador, que cada uno est\u00e9 debidamente informado y cuente con la capacidad de tomar decisiones que mejor le convengan.<\/p>\n<p>Mar\u00eda Estela Chavira Mart\u00ednez, Secretar\u00eda del Trabajo, dijo que a trav\u00e9s de estas acciones, se generan relaciones sanas entre los obreros y patrones, y se garantiza la prosperidad para ambas partes.<\/p>\n<p>\u201cEl Gobernador Francisco Garc\u00eda Cabeza de Vaca, construye lazos de confianza y una conciliaci\u00f3n que sea equilibrada y que brinde esperanza y paz laboral\u201d.<\/p>\n<p>Ana Silvia Herrera Lozano, gerente de recursos humanos de la empresa Cepillos de Matamoros, expuso que las iniciativas generadas por el ejecutivo resultan positivas, pues con ellas se rompen paradigmas, se brinda confianza a los trabajadores y se genera comunicaci\u00f3n para evitar confusi\u00f3n, ante la implementaci\u00f3n de la nueva Reforma Laboral.<\/p>\n<p>Las pl\u00e1ticas y asesor\u00edas laborales, se han brindado en 13 empresas de la industria maquiladora de Matamoros, beneficiando a casi 11 mil trabajadores, a quienes se les han resuelto sus dudas.<\/p>\n<p>Chavira Mart\u00ednez, indic\u00f3 que dicho programa se estar\u00e1 replicando en los principales municipios de Estado, a fin de que en la entidad se siga respirando la tranquilidad laboral entre trabajadores y patrones.<\/p>\n<p style=\"text-align: center;\">###<\/p>\n<p>&nbsp;<\/p>\n<p>&nbsp;<\/p>\n<div class='owl-gallery'><div class='item'><a href='https:\/\/www.tamaulipas.gob.mx\/trabajo\/wp-content\/uploads\/sites\/11\/2019\/10\/boletin07.jpeg' rel='galeria'><img src='https:\/\/www.tamaulipas.gob.mx\/trabajo\/wp-content\/uploads\/sites\/11\/2019\/10\/boletin07-850x500.jpeg' srcset='' sizes='auto' alt=''><\/a><figcaption><\/figcaption><\/div><div class='item'><a href='https:\/\/www.tamaulipas.gob.mx\/trabajo\/wp-content\/uploads\/sites\/11\/2019\/10\/boletin06.jpeg' rel='galeria'><img src='https:\/\/www.tamaulipas.gob.mx\/trabajo\/wp-content\/uploads\/sites\/11\/2019\/10\/boletin06-850x500.jpeg' srcset='' sizes='auto' alt=''><\/a><figcaption><\/figcaption><\/div><div class='item'><a href='https:\/\/www.tamaulipas.gob.mx\/trabajo\/wp-content\/uploads\/sites\/11\/2019\/10\/boletin05.jpeg' rel='galeria'><img src='https:\/\/www.tamaulipas.gob.mx\/trabajo\/wp-content\/uploads\/sites\/11\/2019\/10\/boletin05-850x500.jpeg' srcset='' sizes='auto' alt=''><\/a><figcaption><\/figcaption><\/div><div class='item'><a href='https:\/\/www.tamaulipas.gob.mx\/trabajo\/wp-content\/uploads\/sites\/11\/2019\/10\/boletin04.jpeg' rel='galeria'><img src='https:\/\/www.tamaulipas.gob.mx\/trabajo\/wp-content\/uploads\/sites\/11\/2019\/10\/boletin04-850x500.jpeg' srcset='' sizes='auto' alt=''><\/a><figcaption><\/figcaption><\/div><div class='item'><a href='https:\/\/www.tamaulipas.gob.mx\/trabajo\/wp-content\/uploads\/sites\/11\/2019\/10\/boletin03.jpeg' rel='galeria'><img src='https:\/\/www.tamaulipas.gob.mx\/trabajo\/wp-content\/uploads\/sites\/11\/2019\/10\/boletin03-850x500.jpeg' srcset='' sizes='auto' alt=''><\/a><figcaption><\/figcaption><\/div><div class='item'><a href='https:\/\/www.tamaulipas.gob.mx\/trabajo\/wp-content\/uploads\/sites\/11\/2019\/10\/boletin02.jpeg' rel='galeria'><img src='https:\/\/www.tamaulipas.gob.mx\/trabajo\/wp-content\/uploads\/sites\/11\/2019\/10\/boletin02-850x500.jpeg' srcset='' sizes='auto' alt=''><\/a><figcaption><\/figcaption><\/div><div class='item'><a href='https:\/\/www.tamaulipas.gob.mx\/trabajo\/wp-content\/uploads\/sites\/11\/2019\/10\/boletin01.jpeg' rel='galeria'><img src='https:\/\/www.tamaulipas.gob.mx\/trabajo\/wp-content\/uploads\/sites\/11\/2019\/10\/boletin01-850x500.jpeg' srcset='' sizes='auto' alt=''><\/a><figcaption><\/figcaption><\/div><\/div>\n","protected":false},"excerpt":{"rendered":"<p>\u201cEl Gobernador Francisco Garc\u00eda Cabeza de Vaca, construye lazos de confianza y una conciliaci\u00f3n que sea equilibrada y que brinde esperanza y paz laboral\u201d. ST-051-2019\u2026<\/p>\n","protected":false},"author":63,"featured_media":1007,"comment_status":"closed","ping_status":"closed","sticky":false,"template":"","format":"standard","meta":{"footnotes":""},"categories":[1],"tags":[],"class_list":["post-1000","post","type-post","status-publish","format-standard","has-post-thumbnail","hentry","category-prensa"],"publishpress_future_action":{"enabled":false,"date":"2026-05-08 08:01:14","action":"change-status","newStatus":"draft","terms":[],"taxonomy":"category"},"_links":{"self":[{"href":"https:\/\/www.tamaulipas.gob.mx\/trabajo\/wp-json\/wp\/v2\/posts\/1000"}],"collection":[{"href":"https:\/\/www.tamaulipas.gob.mx\/trabajo\/wp-json\/wp\/v2\/posts"}],"about":[{"href":"https:\/\/www.tamaulipas.gob.mx\/trabajo\/wp-json\/wp\/v2\/types\/post"}],"author":[{"embeddable":true,"href":"https:\/\/www.tamaulipas.gob.mx\/trabajo\/wp-json\/wp\/v2\/users\/63"}],"replies":[{"embeddable":true,"href":"https:\/\/www.tamaulipas.gob.mx\/trabajo\/wp-json\/wp\/v2\/comments?post=1000"}],"version-history":[{"count":1,"href":"https:\/\/www.tamaulipas.gob.mx\/trabajo\/wp-json\/wp\/v2\/posts\/1000\/revisions"}],"predecessor-version":[{"id":1008,"href":"https:\/\/www.tamaulipas.gob.mx\/trabajo\/wp-json\/wp\/v2\/posts\/1000\/revisions\/1008"}],"wp:featuredmedia":[{"embeddable":true,"href":"https:\/\/www.tamaulipas.gob.mx\/trabajo\/wp-json\/wp\/v2\/media\/1007"}],"wp:attachment":[{"href":"https:\/\/www.tamaulipas.gob.mx\/trabajo\/wp-json\/wp\/v2\/media?parent=1000"}],"wp:term":[{"taxonomy":"category","embeddable":true,"href":"https:\/\/www.tamaulipas.gob.mx\/trabajo\/wp-json\/wp\/v2\/categories?post=1000"},{"taxonomy":"post_tag","embeddable":true,"href":"https:\/\/www.tamaulipas.gob.mx\/trabajo\/wp-json\/wp\/v2\/tags?post=1000"}],"curies":[{"name":"wp","href":"https:\/\/api.w.org\/{rel}","templated":true}]}}