{"id":569,"date":"2020-01-14T14:08:39","date_gmt":"2020-01-14T20:08:39","guid":{"rendered":"https:\/\/www.tamaulipas.gob.mx\/parquesybiodiversidad\/?p=569"},"modified":"2020-05-19T22:59:07","modified_gmt":"2020-05-20T03:59:07","slug":"zoologico-tamatan-celebra-75-aniversario","status":"publish","type":"post","link":"https:\/\/www.tamaulipas.gob.mx\/parquesybiodiversidad\/2020\/01\/zoologico-tamatan-celebra-75-aniversario\/","title":{"rendered":"Zool\u00f3gico Tamat\u00e1n celebra 75 aniversario"},"content":{"rendered":"<p><span style=\"font-weight: 400;\">El Zool\u00f3gico Tamat\u00e1n celebra este 2020 el 75 aniversario de abrir sus puertas a la poblaci\u00f3n recibiendo a lo largo de este tiempo a visitantes no solo de Tamaulipas sino nacionales e internacionales.<\/span><\/p>\n<p><span style=\"font-weight: 400;\">Este recinto ha ido evolucionando a trav\u00e9s de los a\u00f1os consolid\u00e1ndose como un referente en tema de educaci\u00f3n, investigaci\u00f3n y el fortalecimiento de una cultura a favor de la conservaci\u00f3n de nuestro medio ambiente; es considerado el centro de recreaci\u00f3n m\u00e1s importante del estado.<\/span><\/p>\n<p><span style=\"font-weight: 400;\">Actualmente en sus instalaciones alberga ejemplares de fauna que se encuentran ubicados en las cuatro regiones en las que est\u00e1 dividido el zool\u00f3gico; americana, australiana, africana y asi\u00e1tica, adem\u00e1s de un gran aviario, un \u00e1rea de animales asombrosos como reptiles y peque\u00f1os mam\u00edferos y el Zool\u00f3gico Infantil.<\/span><\/p>\n<p><span style=\"font-weight: 400;\">El mayor compromiso de este centro de recreaci\u00f3n es fomentar entre la comunidad la cultura del cuidado a nuestras especies a trav\u00e9s de pl\u00e1ticas educativas, recorridos guiados, contacto animal y actividades de enriquecimiento animal.<\/span><\/p>\n<p><span style=\"font-weight: 400;\">El Zool\u00f3gico Tamat\u00e1n tiene su origen en octubre del a\u00f1o 1921, en 1945 se estableci\u00f3 el patronato \u201cPro-Albercas y Jardines de Tamat\u00e1n\u201d el cual ten\u00eda como objetivo construir el parque m\u00e1s importante del Estado.\u00a0 La direcci\u00f3n a cargo del patronato concluy\u00f3 en 1963 y posteriormente la administraci\u00f3n queda a cargo del Gobierno del Estado, llevando a efecto algunas mejoras del parque p\u00fablico agregando paseo en tren y una pista de patinaje.<\/span><\/p>\n<p><span style=\"font-weight: 400;\">En el 2001 inici\u00f3 la remodelaci\u00f3n del nuevo parque con un concepto de zool\u00f3gico moderno la cual concluy\u00f3 en octubre del 2003, dando como resultado el Zool\u00f3gico Tamat\u00e1n que conocemos actualmente.<\/span><\/p>\n<p>El Gobierno del Estado de Tamaulipas, a trav\u00e9s de la Comisi\u00f3n de Parques y Biodiversidad, celebra el 75 Aniversario de este lugar emblem\u00e1tico de la capital tamaulipeca reafirmando el compromiso de preservar la conservaci\u00f3n.<\/p>\n<div class='owl-gallery'><div class='item'><a href='https:\/\/www.tamaulipas.gob.mx\/parquesybiodiversidad\/wp-content\/uploads\/sites\/44\/2020\/01\/mg_0316.jpg' rel='galeria'><img src='https:\/\/www.tamaulipas.gob.mx\/parquesybiodiversidad\/wp-content\/uploads\/sites\/44\/2020\/01\/mg_0316-850x500.jpg' srcset='' sizes='auto' alt=''><\/a><figcaption><\/figcaption><\/div><div class='item'><a href='https:\/\/www.tamaulipas.gob.mx\/parquesybiodiversidad\/wp-content\/uploads\/sites\/44\/2020\/01\/mg_0381.jpg' rel='galeria'><img src='https:\/\/www.tamaulipas.gob.mx\/parquesybiodiversidad\/wp-content\/uploads\/sites\/44\/2020\/01\/mg_0381-850x500.jpg' srcset='' sizes='auto' alt=''><\/a><figcaption><\/figcaption><\/div><div class='item'><a href='https:\/\/www.tamaulipas.gob.mx\/parquesybiodiversidad\/wp-content\/uploads\/sites\/44\/2020\/01\/mg_0504.jpg' rel='galeria'><img src='https:\/\/www.tamaulipas.gob.mx\/parquesybiodiversidad\/wp-content\/uploads\/sites\/44\/2020\/01\/mg_0504-850x500.jpg' srcset='' sizes='auto' alt=''><\/a><figcaption><\/figcaption><\/div><div class='item'><a href='https:\/\/www.tamaulipas.gob.mx\/parquesybiodiversidad\/wp-content\/uploads\/sites\/44\/2020\/01\/img_8221.jpg' rel='galeria'><img src='https:\/\/www.tamaulipas.gob.mx\/parquesybiodiversidad\/wp-content\/uploads\/sites\/44\/2020\/01\/img_8221-850x500.jpg' srcset='' sizes='auto' alt=''><\/a><figcaption><\/figcaption><\/div><\/div>\n","protected":false},"excerpt":{"rendered":"<p>El Zool\u00f3gico Tamat\u00e1n celebra este 2020 el 75 aniversario de abrir sus puertas a la poblaci\u00f3n recibiendo a lo largo de este tiempo a visitantes\u2026<\/p>\n","protected":false},"author":148,"featured_media":570,"comment_status":"closed","ping_status":"closed","sticky":false,"template":"","format":"standard","meta":{"footnotes":""},"categories":[1],"tags":[],"class_list":["post-569","post","type-post","status-publish","format-standard","has-post-thumbnail","hentry","category-prensa"],"publishpress_future_action":{"enabled":false,"date":"2026-05-08 11:03:50","action":"change-status","newStatus":"draft","terms":[],"taxonomy":"category"},"_links":{"self":[{"href":"https:\/\/www.tamaulipas.gob.mx\/parquesybiodiversidad\/wp-json\/wp\/v2\/posts\/569"}],"collection":[{"href":"https:\/\/www.tamaulipas.gob.mx\/parquesybiodiversidad\/wp-json\/wp\/v2\/posts"}],"about":[{"href":"https:\/\/www.tamaulipas.gob.mx\/parquesybiodiversidad\/wp-json\/wp\/v2\/types\/post"}],"author":[{"embeddable":true,"href":"https:\/\/www.tamaulipas.gob.mx\/parquesybiodiversidad\/wp-json\/wp\/v2\/users\/148"}],"replies":[{"embeddable":true,"href":"https:\/\/www.tamaulipas.gob.mx\/parquesybiodiversidad\/wp-json\/wp\/v2\/comments?post=569"}],"version-history":[{"count":2,"href":"https:\/\/www.tamaulipas.gob.mx\/parquesybiodiversidad\/wp-json\/wp\/v2\/posts\/569\/revisions"}],"predecessor-version":[{"id":639,"href":"https:\/\/www.tamaulipas.gob.mx\/parquesybiodiversidad\/wp-json\/wp\/v2\/posts\/569\/revisions\/639"}],"wp:featuredmedia":[{"embeddable":true,"href":"https:\/\/www.tamaulipas.gob.mx\/parquesybiodiversidad\/wp-json\/wp\/v2\/media\/570"}],"wp:attachment":[{"href":"https:\/\/www.tamaulipas.gob.mx\/parquesybiodiversidad\/wp-json\/wp\/v2\/media?parent=569"}],"wp:term":[{"taxonomy":"category","embeddable":true,"href":"https:\/\/www.tamaulipas.gob.mx\/parquesybiodiversidad\/wp-json\/wp\/v2\/categories?post=569"},{"taxonomy":"post_tag","embeddable":true,"href":"https:\/\/www.tamaulipas.gob.mx\/parquesybiodiversidad\/wp-json\/wp\/v2\/tags?post=569"}],"curies":[{"name":"wp","href":"https:\/\/api.w.org\/{rel}","templated":true}]}}