{"id":8979,"date":"2023-05-04T15:51:29","date_gmt":"2023-05-04T21:51:29","guid":{"rendered":"https:\/\/www.tamaulipas.gob.mx\/obraspublicas\/?p=8979"},"modified":"2023-05-04T15:51:29","modified_gmt":"2023-05-04T21:51:29","slug":"continuan-trabajos-de-red-sanitaria-en-calles-de-ciudad-victoria-tamaulipas","status":"publish","type":"post","link":"https:\/\/www.tamaulipas.gob.mx\/obraspublicas\/2023\/05\/continuan-trabajos-de-red-sanitaria-en-calles-de-ciudad-victoria-tamaulipas\/","title":{"rendered":"Contin\u00faan Trabajos de Red Sanitaria en Calles de Ciudad Victoria, Tamaulipas"},"content":{"rendered":"<p style=\"text-align: justify;\"><span style=\"font-weight: 400;\">Ciudad Victoria, Tamaulipas.- Como parte de la transformaci\u00f3n que ejecuta el Gobierno de Tamaulipas a trav\u00e9s de la Secretar\u00eda de Obras P\u00fablicas, se trabaja de la mano con COMAPA Victoria en la rehabilitaci\u00f3n de red sanitaria en calles de Ciudad Victoria, Tamaulipas.<\/span><\/p>\n<p style=\"text-align: justify;\"><span style=\"font-weight: 400;\">Estas labores se realizan en la calle <\/span><span style=\"font-weight: 400;\">Jos\u00e9 de Escand\u00f3n <\/span><span style=\"font-weight: 400;\">entre calle Guerrero y calle Morelos que se encuentran ubicadas en la col. Obrera de la capital del Estado, mencion\u00f3 Cepeda Anaya<\/span><\/p>\n<p style=\"text-align: justify;\"><span style=\"font-weight: 400;\">Algunos de los trabajos implementados constan de la rehabilitaci\u00f3n de red sanitaria con tuber\u00eda PVC, los cuales iniciaron el pasado mes de marzo del a\u00f1o en curso, con la excavaci\u00f3n, trazo y corte del concreto contando con un avance del 50%. Esta obra forma parte de una inversi\u00f3n aproximada a los 9 millones de pesos que contempla varias rehabilitaciones de calles, beneficiando directamente a las y los habitantes de la zona.<\/span><\/p>\n<p style=\"text-align: justify;\"><span style=\"font-weight: 400;\">Con esta importante obra se reafirma el compromiso del gobernador el Dr. <\/span><span style=\"font-weight: 400;\">Am\u00e9rico <\/span><span style=\"font-weight: 400;\">Villarreal en impulsar el desarrollo en materia de infraestructura vial e hidr\u00e1ulica en los municipios de la entidad, para que nadie se quede atr\u00e1s en la transformaci\u00f3n de Tamaulipas.<\/span><\/p>\n<div class='owl-gallery'><div class='item'><a href='https:\/\/www.tamaulipas.gob.mx\/obraspublicas\/wp-content\/uploads\/sites\/9\/2023\/05\/whatsapp-image-2023-05-03-at-10.56.44.jpeg' rel='galeria'><img src='https:\/\/www.tamaulipas.gob.mx\/obraspublicas\/wp-content\/uploads\/sites\/9\/2023\/05\/whatsapp-image-2023-05-03-at-10.56.44-850x500.jpeg' srcset='' sizes='auto' alt=''><\/a><figcaption><\/figcaption><\/div><div class='item'><a href='https:\/\/www.tamaulipas.gob.mx\/obraspublicas\/wp-content\/uploads\/sites\/9\/2023\/05\/whatsapp-image-2023-05-03-at-10.56.45.jpeg' rel='galeria'><img src='https:\/\/www.tamaulipas.gob.mx\/obraspublicas\/wp-content\/uploads\/sites\/9\/2023\/05\/whatsapp-image-2023-05-03-at-10.56.45-850x500.jpeg' srcset='' sizes='auto' alt=''><\/a><figcaption><\/figcaption><\/div><div class='item'><a href='https:\/\/www.tamaulipas.gob.mx\/obraspublicas\/wp-content\/uploads\/sites\/9\/2023\/05\/whatsapp-image-2023-05-03-at-10.56.47-1.jpeg' rel='galeria'><img src='https:\/\/www.tamaulipas.gob.mx\/obraspublicas\/wp-content\/uploads\/sites\/9\/2023\/05\/whatsapp-image-2023-05-03-at-10.56.47-1-850x500.jpeg' srcset='' sizes='auto' alt=''><\/a><figcaption><\/figcaption><\/div><div class='item'><a href='https:\/\/www.tamaulipas.gob.mx\/obraspublicas\/wp-content\/uploads\/sites\/9\/2023\/05\/whatsapp-image-2023-05-03-at-10.56.47.jpeg' rel='galeria'><img src='https:\/\/www.tamaulipas.gob.mx\/obraspublicas\/wp-content\/uploads\/sites\/9\/2023\/05\/whatsapp-image-2023-05-03-at-10.56.47-850x500.jpeg' srcset='' sizes='auto' alt=''><\/a><figcaption><\/figcaption><\/div><\/div>\n","protected":false},"excerpt":{"rendered":"<p>Ciudad Victoria, Tamaulipas.- Como parte de la transformaci\u00f3n que ejecuta el Gobierno de Tamaulipas a trav\u00e9s de la Secretar\u00eda de Obras P\u00fablicas, se trabaja de\u2026<\/p>\n","protected":false},"author":77,"featured_media":8981,"comment_status":"closed","ping_status":"closed","sticky":false,"template":"","format":"standard","meta":{"footnotes":""},"categories":[1],"tags":[],"class_list":["post-8979","post","type-post","status-publish","format-standard","has-post-thumbnail","hentry","category-prensa"],"publishpress_future_action":{"enabled":false,"date":"2026-05-04 17:43:09","action":"change-status","newStatus":"draft","terms":[],"taxonomy":"category"},"_links":{"self":[{"href":"https:\/\/www.tamaulipas.gob.mx\/obraspublicas\/wp-json\/wp\/v2\/posts\/8979"}],"collection":[{"href":"https:\/\/www.tamaulipas.gob.mx\/obraspublicas\/wp-json\/wp\/v2\/posts"}],"about":[{"href":"https:\/\/www.tamaulipas.gob.mx\/obraspublicas\/wp-json\/wp\/v2\/types\/post"}],"author":[{"embeddable":true,"href":"https:\/\/www.tamaulipas.gob.mx\/obraspublicas\/wp-json\/wp\/v2\/users\/77"}],"replies":[{"embeddable":true,"href":"https:\/\/www.tamaulipas.gob.mx\/obraspublicas\/wp-json\/wp\/v2\/comments?post=8979"}],"version-history":[{"count":1,"href":"https:\/\/www.tamaulipas.gob.mx\/obraspublicas\/wp-json\/wp\/v2\/posts\/8979\/revisions"}],"predecessor-version":[{"id":8984,"href":"https:\/\/www.tamaulipas.gob.mx\/obraspublicas\/wp-json\/wp\/v2\/posts\/8979\/revisions\/8984"}],"wp:featuredmedia":[{"embeddable":true,"href":"https:\/\/www.tamaulipas.gob.mx\/obraspublicas\/wp-json\/wp\/v2\/media\/8981"}],"wp:attachment":[{"href":"https:\/\/www.tamaulipas.gob.mx\/obraspublicas\/wp-json\/wp\/v2\/media?parent=8979"}],"wp:term":[{"taxonomy":"category","embeddable":true,"href":"https:\/\/www.tamaulipas.gob.mx\/obraspublicas\/wp-json\/wp\/v2\/categories?post=8979"},{"taxonomy":"post_tag","embeddable":true,"href":"https:\/\/www.tamaulipas.gob.mx\/obraspublicas\/wp-json\/wp\/v2\/tags?post=8979"}],"curies":[{"name":"wp","href":"https:\/\/api.w.org\/{rel}","templated":true}]}}