{"id":8970,"date":"2023-05-03T14:04:17","date_gmt":"2023-05-03T20:04:17","guid":{"rendered":"https:\/\/www.tamaulipas.gob.mx\/obraspublicas\/?p=8970"},"modified":"2023-06-01T11:00:00","modified_gmt":"2023-06-01T17:00:00","slug":"pavimentacion-rehabilitacion-y-bacheo-en-diversas-calles-en-el-municipio-de-tula-tamaulipas","status":"publish","type":"post","link":"https:\/\/www.tamaulipas.gob.mx\/obraspublicas\/2023\/05\/pavimentacion-rehabilitacion-y-bacheo-en-diversas-calles-en-el-municipio-de-tula-tamaulipas\/","title":{"rendered":"PAVIMENTACI\u00d3N, REHABILITACI\u00d3N Y BACHEO EN DIVERSAS CALLES EN EL MUNICIPIO DE TULA, TAMAULIPAS."},"content":{"rendered":"<p style=\"text-align: justify;\"><span style=\"font-weight: 400;\">Tula, Tamaulipas.- El pasado mes de diciembre el Gobierno de Am\u00e9rico Villarreal a trav\u00e9s de la Secretar\u00eda de Obras P\u00fablicas encabezada por el Ing. Pedro Cepeda, dio inicio al programa de pavimentaci\u00f3n, rehabilitaci\u00f3n y bacheo de diversas calles en el municipio de Tula, Tamaulipas.\u00a0<\/span><\/p>\n<p style=\"text-align: justify;\"><span style=\"font-weight: 400;\">Con una inversi\u00f3n de un poco m\u00e1s a los 5 millones de pesos los trabajos realizados en mencionada obra fueron los de compactaci\u00f3n, renivelaci\u00f3n, pavimentaci\u00f3n asf\u00e1ltica, banquetas, pintura de guarniciones y luminarias con un total de 4,885.43 m2 ejecutados, inform\u00f3 el\u00a0 Secretario.\u00a0<\/span><\/p>\n<p style=\"text-align: justify;\"><span style=\"font-weight: 400;\">De esta forma se mejora la infraestructura vial del municipio, cumpliendo as\u00ed con el compromiso del Gobierno de llevar bienestar a las y los tamaulipecos impulsando la movilidad segura y digna\u00a0 haciendo de Tamaulipas un mejor lugar para vivir.<\/span><\/p>\n<div class='owl-gallery'><div class='item'><a href='https:\/\/www.tamaulipas.gob.mx\/obraspublicas\/wp-content\/uploads\/sites\/9\/2023\/05\/whatsapp-image-2023-05-02-at-13.56.34-1.jpeg' rel='galeria'><img src='https:\/\/www.tamaulipas.gob.mx\/obraspublicas\/wp-content\/uploads\/sites\/9\/2023\/05\/whatsapp-image-2023-05-02-at-13.56.34-1-850x500.jpeg' srcset='' sizes='auto' alt=''><\/a><figcaption><\/figcaption><\/div><div class='item'><a href='https:\/\/www.tamaulipas.gob.mx\/obraspublicas\/wp-content\/uploads\/sites\/9\/2023\/05\/whatsapp-image-2023-05-02-at-13.20.17.jpeg' rel='galeria'><img src='https:\/\/www.tamaulipas.gob.mx\/obraspublicas\/wp-content\/uploads\/sites\/9\/2023\/05\/whatsapp-image-2023-05-02-at-13.20.17-850x500.jpeg' srcset='' sizes='auto' alt=''><\/a><figcaption><\/figcaption><\/div><div class='item'><a href='https:\/\/www.tamaulipas.gob.mx\/obraspublicas\/wp-content\/uploads\/sites\/9\/2023\/05\/whatsapp-image-2023-05-02-at-13.17.05-5.jpeg' rel='galeria'><img src='https:\/\/www.tamaulipas.gob.mx\/obraspublicas\/wp-content\/uploads\/sites\/9\/2023\/05\/whatsapp-image-2023-05-02-at-13.17.05-5-850x500.jpeg' srcset='' sizes='auto' alt=''><\/a><figcaption><\/figcaption><\/div><div class='item'><a href='https:\/\/www.tamaulipas.gob.mx\/obraspublicas\/wp-content\/uploads\/sites\/9\/2023\/05\/whatsapp-image-2023-05-02-at-13.18.29.jpeg' rel='galeria'><img src='https:\/\/www.tamaulipas.gob.mx\/obraspublicas\/wp-content\/uploads\/sites\/9\/2023\/05\/whatsapp-image-2023-05-02-at-13.18.29-850x500.jpeg' srcset='' sizes='auto' alt=''><\/a><figcaption><\/figcaption><\/div><\/div>\n","protected":false},"excerpt":{"rendered":"<p>Tula, Tamaulipas.- El pasado mes de diciembre el Gobierno de Am\u00e9rico Villarreal a trav\u00e9s de la Secretar\u00eda de Obras P\u00fablicas encabezada por el Ing. Pedro\u2026<\/p>\n","protected":false},"author":77,"featured_media":8973,"comment_status":"closed","ping_status":"closed","sticky":false,"template":"","format":"standard","meta":{"footnotes":""},"categories":[1],"tags":[],"class_list":["post-8970","post","type-post","status-publish","format-standard","has-post-thumbnail","hentry","category-prensa"],"publishpress_future_action":{"enabled":false,"date":"2026-05-04 17:36:10","action":"change-status","newStatus":"draft","terms":[],"taxonomy":"category"},"_links":{"self":[{"href":"https:\/\/www.tamaulipas.gob.mx\/obraspublicas\/wp-json\/wp\/v2\/posts\/8970"}],"collection":[{"href":"https:\/\/www.tamaulipas.gob.mx\/obraspublicas\/wp-json\/wp\/v2\/posts"}],"about":[{"href":"https:\/\/www.tamaulipas.gob.mx\/obraspublicas\/wp-json\/wp\/v2\/types\/post"}],"author":[{"embeddable":true,"href":"https:\/\/www.tamaulipas.gob.mx\/obraspublicas\/wp-json\/wp\/v2\/users\/77"}],"replies":[{"embeddable":true,"href":"https:\/\/www.tamaulipas.gob.mx\/obraspublicas\/wp-json\/wp\/v2\/comments?post=8970"}],"version-history":[{"count":2,"href":"https:\/\/www.tamaulipas.gob.mx\/obraspublicas\/wp-json\/wp\/v2\/posts\/8970\/revisions"}],"predecessor-version":[{"id":8976,"href":"https:\/\/www.tamaulipas.gob.mx\/obraspublicas\/wp-json\/wp\/v2\/posts\/8970\/revisions\/8976"}],"wp:featuredmedia":[{"embeddable":true,"href":"https:\/\/www.tamaulipas.gob.mx\/obraspublicas\/wp-json\/wp\/v2\/media\/8973"}],"wp:attachment":[{"href":"https:\/\/www.tamaulipas.gob.mx\/obraspublicas\/wp-json\/wp\/v2\/media?parent=8970"}],"wp:term":[{"taxonomy":"category","embeddable":true,"href":"https:\/\/www.tamaulipas.gob.mx\/obraspublicas\/wp-json\/wp\/v2\/categories?post=8970"},{"taxonomy":"post_tag","embeddable":true,"href":"https:\/\/www.tamaulipas.gob.mx\/obraspublicas\/wp-json\/wp\/v2\/tags?post=8970"}],"curies":[{"name":"wp","href":"https:\/\/api.w.org\/{rel}","templated":true}]}}