{"id":8947,"date":"2023-04-25T16:42:50","date_gmt":"2023-04-25T22:42:50","guid":{"rendered":"https:\/\/www.tamaulipas.gob.mx\/obraspublicas\/?p=8947"},"modified":"2023-04-25T16:42:50","modified_gmt":"2023-04-25T22:42:50","slug":"presenta-gobernador-de-tamaulipas-plan-estatal-de-desarrollo-2023-2028","status":"publish","type":"post","link":"https:\/\/www.tamaulipas.gob.mx\/obraspublicas\/2023\/04\/presenta-gobernador-de-tamaulipas-plan-estatal-de-desarrollo-2023-2028\/","title":{"rendered":"PRESENTA GOBERNADOR  DE TAMAULIPAS PLAN ESTATAL DE DESARROLLO 2023-2028"},"content":{"rendered":"<p style=\"text-align: justify;\"><span style=\"font-weight: 400;\">Cd. Victoria Tamaulipas.- El gobernador Am\u00e9rico Villarreal present\u00f3 el Plan Estatal de Desarrollo 2023-2028 este martes 25 de abril del presente a\u00f1o, realizado en el Teatro Amalia G de Castillo Ledon, evento donde las puertas estaban abiertas al p\u00fablico en general.<\/span><\/p>\n<p style=\"text-align: justify;\"><span style=\"font-weight: 400;\">Dicho documento plantea las rutas precisas para hacer realidad el nuevo Pacto Social que propuso a las y los tamaulipecos, el cual contiene m\u00e1s de 17 mil propuestas planteadas por la ciudadan\u00eda, alcaldes y organizaciones de la sociedad civil.<\/span><\/p>\n<p style=\"text-align: justify;\"><span style=\"font-weight: 400;\">Abarcando 3 ejes generales, que son:\u00a0<\/span><\/p>\n<p style=\"text-align: justify;\"><span style=\"font-weight: 400;\">1.- Gobierno al servicio del pueblo.<\/span><\/p>\n<p style=\"text-align: justify;\"><span style=\"font-weight: 400;\">2.- Progreso econ\u00f3mico inclusivo y sostenible.<\/span><\/p>\n<p style=\"text-align: justify;\"><span style=\"font-weight: 400;\">3.- Pol\u00edtica social para el bienestar.<\/span><\/p>\n<p style=\"text-align: justify;\"><span style=\"font-weight: 400;\">El Dr. Americo mencion\u00f3, que el Plan Estatal de Desarrollo 2023-2028 es un documento de planeaci\u00f3n que va de la mano con una sociedad colaborativa, mismo que fue publicado en tiempo y forma en el Periodico Oficial.<\/span><\/p>\n<p style=\"text-align: justify;\"><span style=\"font-weight: 400;\">En materia de Infraestructura Hidr\u00e1ulica el gobernador destac\u00f3 que Tamaulipas tiene el tercer lugar a nivel Nacional en obras de este rubro, teniendo 8 presas en el territorio y contando con la sexta m\u00e1s grande del pa\u00eds llamada Vicente Guerrero, adem\u00e1s agreg\u00f3 que se cuenta con importantes proyectos de obras hidr\u00e1ulicas que beneficiar\u00e1n al Estado.<\/span><\/p>\n<p style=\"text-align: justify;\"><span style=\"font-weight: 400;\">Actualmente se cuenta con 14, 075 km de carreteras y caminos en todo la entidad Tamaulipeca, adem\u00e1s se busca conectar eficientemente las regiones geogr\u00e1ficas y econ\u00f3micas de Norteam\u00e9rica, mencion\u00f3 el gobernador.<\/span><\/p>\n<p style=\"text-align: justify;\"><span style=\"font-weight: 400;\">Agreg\u00f3 que el Estado es el centro de oportunidad y en este momento de coyuntura que est\u00e1 existiendo a nivel internacional, resaltando importantes ejes carreteros como Manzanillo-Tampico, Mazatl\u00e1n-Matamoros y Ciudad de M\u00e9xico-Nuevo Laredo.<\/span><\/p>\n<p style=\"text-align: justify;\"><span style=\"font-weight: 400;\">Concluy\u00f3 el Dr. Am\u00e9rico Villarreal que el cambio verdadero se genera Transformando nuestro Estado con honor y orgullo, mostrando a un Tamaulipas\u00a0 pr\u00f3spero, \u00edntegro, humanista y virtuoso.\u00a0<\/span><\/p>\n","protected":false},"excerpt":{"rendered":"<p>Cd. Victoria Tamaulipas.- El gobernador Am\u00e9rico Villarreal present\u00f3 el Plan Estatal de Desarrollo 2023-2028 este martes 25 de abril del presente a\u00f1o, realizado en el\u2026<\/p>\n","protected":false},"author":77,"featured_media":8948,"comment_status":"closed","ping_status":"closed","sticky":false,"template":"","format":"standard","meta":{"footnotes":""},"categories":[1],"tags":[],"class_list":["post-8947","post","type-post","status-publish","format-standard","has-post-thumbnail","hentry","category-prensa"],"publishpress_future_action":{"enabled":false,"date":"2026-05-04 17:43:06","action":"change-status","newStatus":"draft","terms":[],"taxonomy":"category"},"_links":{"self":[{"href":"https:\/\/www.tamaulipas.gob.mx\/obraspublicas\/wp-json\/wp\/v2\/posts\/8947"}],"collection":[{"href":"https:\/\/www.tamaulipas.gob.mx\/obraspublicas\/wp-json\/wp\/v2\/posts"}],"about":[{"href":"https:\/\/www.tamaulipas.gob.mx\/obraspublicas\/wp-json\/wp\/v2\/types\/post"}],"author":[{"embeddable":true,"href":"https:\/\/www.tamaulipas.gob.mx\/obraspublicas\/wp-json\/wp\/v2\/users\/77"}],"replies":[{"embeddable":true,"href":"https:\/\/www.tamaulipas.gob.mx\/obraspublicas\/wp-json\/wp\/v2\/comments?post=8947"}],"version-history":[{"count":1,"href":"https:\/\/www.tamaulipas.gob.mx\/obraspublicas\/wp-json\/wp\/v2\/posts\/8947\/revisions"}],"predecessor-version":[{"id":8949,"href":"https:\/\/www.tamaulipas.gob.mx\/obraspublicas\/wp-json\/wp\/v2\/posts\/8947\/revisions\/8949"}],"wp:featuredmedia":[{"embeddable":true,"href":"https:\/\/www.tamaulipas.gob.mx\/obraspublicas\/wp-json\/wp\/v2\/media\/8948"}],"wp:attachment":[{"href":"https:\/\/www.tamaulipas.gob.mx\/obraspublicas\/wp-json\/wp\/v2\/media?parent=8947"}],"wp:term":[{"taxonomy":"category","embeddable":true,"href":"https:\/\/www.tamaulipas.gob.mx\/obraspublicas\/wp-json\/wp\/v2\/categories?post=8947"},{"taxonomy":"post_tag","embeddable":true,"href":"https:\/\/www.tamaulipas.gob.mx\/obraspublicas\/wp-json\/wp\/v2\/tags?post=8947"}],"curies":[{"name":"wp","href":"https:\/\/api.w.org\/{rel}","templated":true}]}}