{"id":8898,"date":"2023-04-17T18:39:52","date_gmt":"2023-04-18T00:39:52","guid":{"rendered":"https:\/\/www.tamaulipas.gob.mx\/obraspublicas\/?p=8898"},"modified":"2023-06-01T11:01:24","modified_gmt":"2023-06-01T17:01:24","slug":"concluye-pavimentacion-rehabilitacion-y-bacheo-en-diversas-calles-de-villa-de-casas-tamaulipas","status":"publish","type":"post","link":"https:\/\/www.tamaulipas.gob.mx\/obraspublicas\/2023\/04\/concluye-pavimentacion-rehabilitacion-y-bacheo-en-diversas-calles-de-villa-de-casas-tamaulipas\/","title":{"rendered":"Concluye Pavimentaci\u00f3n, Rehabilitaci\u00f3n y Bacheo en Diversas Calles de Villa de Casas, Tamaulipas."},"content":{"rendered":"<p><span style=\"font-weight: 400;\">Villa de Casas, Tamaulipas. &#8211; El Gobierno del Estado de Tamaulipas a trav\u00e9s de la Secretar\u00eda de Obras P\u00fablicas a cargo del Ing. Pedro Cepeda Anaya concluye con las labores de pavimentaci\u00f3n, rehabilitaci\u00f3n y bacheo en cuatro calles de Villa de Casas, Tamaulipas.\u00a0<\/span><\/p>\n<p><span style=\"font-weight: 400;\">Cepeda Anaya, mencion\u00f3 que en dichos trabajos de pavimentaci\u00f3n asf\u00e1ltica se invirtieron un aproximado de 3 millones de pesos para su conclusi\u00f3n.\u00a0<\/span><\/p>\n<p><span style=\"font-weight: 400;\">Agreg\u00f3, que estas tareas de obra se ejecutaron en las siguientes calles del municipio<\/span><span style=\"font-weight: 400;\">;<\/span><span style=\"font-weight: 400;\"> Calle Agust\u00edn de Iturbide entre calle Limite de Propiedad y carr. Antigua a Soto la Marina, Calle Ignacio Allende entre calle Jos\u00e9 Mar\u00eda Morelos y calle Benito Ju\u00e1rez,\u00a0 Calle Ignacio Allende entre calle Del Pante\u00f3n y carr. Antigua a Soto la Marina, calle Agustin de Iturbide entre calle Soledad y calle L\u00edmite de Propiedad.\u00a0<\/span><\/p>\n<p><span style=\"font-weight: 400;\">Esta importante obra inici\u00f3 en el mes de diciembre pasado, y fue concluida el pasado mes de marzo del presente a\u00f1o, beneficiando a todos los habitantes que transitan diariamente las calles de este municipio de Villa de Casas, mencion\u00f3 el Secretario.<\/span><\/p>\n<p><span style=\"font-weight: 400;\">En materia de infraestructura vial estamos realizando obras de calidad y trabajando coordinadamente con el Gobierno de Tamaulipas a cargo del Dr. <\/span><span style=\"font-weight: 400;\">Am\u00e9rico <\/span><span style=\"font-weight: 400;\">Villarreal Anaya, para lograr el cambio verdadero que nuestras calles necesitan en todo el Estado.<\/span><\/p>\n<div class='owl-gallery'><div class='item'><a href='https:\/\/www.tamaulipas.gob.mx\/obraspublicas\/wp-content\/uploads\/sites\/9\/2023\/04\/whatsapp-image-2023-02-28-at-21.28.35.jpeg' rel='galeria'><img src='https:\/\/www.tamaulipas.gob.mx\/obraspublicas\/wp-content\/uploads\/sites\/9\/2023\/04\/whatsapp-image-2023-02-28-at-21.28.35-850x500.jpeg' srcset='' sizes='auto' alt=''><\/a><figcaption><\/figcaption><\/div><div class='item'><a href='https:\/\/www.tamaulipas.gob.mx\/obraspublicas\/wp-content\/uploads\/sites\/9\/2023\/04\/whatsapp-image-2023-02-28-at-21.24.54.jpeg' rel='galeria'><img src='https:\/\/www.tamaulipas.gob.mx\/obraspublicas\/wp-content\/uploads\/sites\/9\/2023\/04\/whatsapp-image-2023-02-28-at-21.24.54-850x500.jpeg' srcset='' sizes='auto' alt=''><\/a><figcaption><\/figcaption><\/div><div class='item'><a href='https:\/\/www.tamaulipas.gob.mx\/obraspublicas\/wp-content\/uploads\/sites\/9\/2023\/04\/whatsapp-image-2023-03-01-at-10.52.29-2.jpeg' rel='galeria'><img src='https:\/\/www.tamaulipas.gob.mx\/obraspublicas\/wp-content\/uploads\/sites\/9\/2023\/04\/whatsapp-image-2023-03-01-at-10.52.29-2-768x500.jpeg' srcset='' sizes='auto' alt=''><\/a><figcaption><\/figcaption><\/div><div class='item'><a href='https:\/\/www.tamaulipas.gob.mx\/obraspublicas\/wp-content\/uploads\/sites\/9\/2023\/04\/whatsapp-image-2023-02-28-at-21.29.51.jpeg' rel='galeria'><img src='https:\/\/www.tamaulipas.gob.mx\/obraspublicas\/wp-content\/uploads\/sites\/9\/2023\/04\/whatsapp-image-2023-02-28-at-21.29.51-850x500.jpeg' srcset='' sizes='auto' alt=''><\/a><figcaption><\/figcaption><\/div><div class='item'><a href='https:\/\/www.tamaulipas.gob.mx\/obraspublicas\/wp-content\/uploads\/sites\/9\/2023\/04\/whatsapp-image-2023-02-28-at-21.25.52.jpeg' rel='galeria'><img src='https:\/\/www.tamaulipas.gob.mx\/obraspublicas\/wp-content\/uploads\/sites\/9\/2023\/04\/whatsapp-image-2023-02-28-at-21.25.52-497x500.jpeg' srcset='' sizes='auto' alt=''><\/a><figcaption><\/figcaption><\/div><\/div>\n","protected":false},"excerpt":{"rendered":"<p>Villa de Casas, Tamaulipas. &#8211; El Gobierno del Estado de Tamaulipas a trav\u00e9s de la Secretar\u00eda de Obras P\u00fablicas a cargo del Ing. Pedro Cepeda\u2026<\/p>\n","protected":false},"author":77,"featured_media":8899,"comment_status":"closed","ping_status":"closed","sticky":false,"template":"","format":"standard","meta":{"footnotes":""},"categories":[1],"tags":[],"class_list":["post-8898","post","type-post","status-publish","format-standard","has-post-thumbnail","hentry","category-prensa"],"publishpress_future_action":{"enabled":false,"date":"2026-05-04 16:14:02","action":"change-status","newStatus":"draft","terms":[],"taxonomy":"category"},"_links":{"self":[{"href":"https:\/\/www.tamaulipas.gob.mx\/obraspublicas\/wp-json\/wp\/v2\/posts\/8898"}],"collection":[{"href":"https:\/\/www.tamaulipas.gob.mx\/obraspublicas\/wp-json\/wp\/v2\/posts"}],"about":[{"href":"https:\/\/www.tamaulipas.gob.mx\/obraspublicas\/wp-json\/wp\/v2\/types\/post"}],"author":[{"embeddable":true,"href":"https:\/\/www.tamaulipas.gob.mx\/obraspublicas\/wp-json\/wp\/v2\/users\/77"}],"replies":[{"embeddable":true,"href":"https:\/\/www.tamaulipas.gob.mx\/obraspublicas\/wp-json\/wp\/v2\/comments?post=8898"}],"version-history":[{"count":1,"href":"https:\/\/www.tamaulipas.gob.mx\/obraspublicas\/wp-json\/wp\/v2\/posts\/8898\/revisions"}],"predecessor-version":[{"id":8904,"href":"https:\/\/www.tamaulipas.gob.mx\/obraspublicas\/wp-json\/wp\/v2\/posts\/8898\/revisions\/8904"}],"wp:featuredmedia":[{"embeddable":true,"href":"https:\/\/www.tamaulipas.gob.mx\/obraspublicas\/wp-json\/wp\/v2\/media\/8899"}],"wp:attachment":[{"href":"https:\/\/www.tamaulipas.gob.mx\/obraspublicas\/wp-json\/wp\/v2\/media?parent=8898"}],"wp:term":[{"taxonomy":"category","embeddable":true,"href":"https:\/\/www.tamaulipas.gob.mx\/obraspublicas\/wp-json\/wp\/v2\/categories?post=8898"},{"taxonomy":"post_tag","embeddable":true,"href":"https:\/\/www.tamaulipas.gob.mx\/obraspublicas\/wp-json\/wp\/v2\/tags?post=8898"}],"curies":[{"name":"wp","href":"https:\/\/api.w.org\/{rel}","templated":true}]}}