{"id":8891,"date":"2023-04-14T16:05:43","date_gmt":"2023-04-14T22:05:43","guid":{"rendered":"https:\/\/www.tamaulipas.gob.mx\/obraspublicas\/?p=8891"},"modified":"2023-06-01T11:01:36","modified_gmt":"2023-06-01T17:01:36","slug":"se-concluyen-trabajos-en-la-cabecera-municipal-al-panteon-en-el-municipio-de-villagran-tamaulipas","status":"publish","type":"post","link":"https:\/\/www.tamaulipas.gob.mx\/obraspublicas\/2023\/04\/se-concluyen-trabajos-en-la-cabecera-municipal-al-panteon-en-el-municipio-de-villagran-tamaulipas\/","title":{"rendered":"Se Concluyen Trabajos en la Cabecera Municipal al Pante\u00f3n, en el Municipio de Villagran, Tamaulipas."},"content":{"rendered":"<p><span style=\"font-weight: 400;\">Villagran, Tamaulipas.- El Gobierno de Tamaulipas a trav\u00e9s de la Secretar\u00eda de Obras P\u00fablicas concluye los trabajos de pavimentaci\u00f3n asf\u00e1ltica del camino de la cabecera municipal al pante\u00f3n (primera etapa), en el municipio de Villagr\u00e1n, Tamaulipas.<\/span><\/p>\n<p><span style=\"font-weight: 400;\">Pedro Cepeda, mencion\u00f3 que se concluy\u00f3 con la primera etapa de pavimentaci\u00f3n asf\u00e1ltica, en donde se invirtieron aproximadamente 2 millones de pesos en diversos trabajos en el camino de la cabecera municipal al pante\u00f3n. Dichos trabajos constan de<\/span><span style=\"font-weight: 400;\">;<\/span><span style=\"font-weight: 400;\"> Pavimentaci\u00f3n Asf\u00e1ltica, Drenaje Sanitario,\u00a0 Agua Potable, Tomas Domiciliarias, Descargas Sanitarias y Nivelaci\u00f3n de Pozos de Vista.<\/span><\/p>\n<p><span style=\"font-weight: 400;\">Adem\u00e1s agreg\u00f3 que dichas labores iniciaron en diciembre del a\u00f1o pasado, concluyendo a mediados de marzo del 2023, beneficiando directamente a las familias que transitan diariamente este camino y a la sociedad en general de este municipio.\u00a0<\/span><\/p>\n<p><span style=\"font-weight: 400;\">Estos trabajos de pavimentaci\u00f3n asf\u00e1ltica impulsan la infraestructura de Tamaulipas en materia de movilidad vial y desarrollan nuevas obras para el beneficio de las y los Tamaulipecos, dando seguimiento y cumpliendo\u00a0 las instrucciones del Gobierno del Estado a cargo del Dr.Am\u00e9rico Villarreal.\u00a0<\/span><\/p>\n<div class='owl-gallery'><div class='item'><a href='https:\/\/www.tamaulipas.gob.mx\/obraspublicas\/wp-content\/uploads\/sites\/9\/2023\/04\/fd03ed7b-38ba-4397-8522-4ada7057687e-1.jpg' rel='galeria'><img src='https:\/\/www.tamaulipas.gob.mx\/obraspublicas\/wp-content\/uploads\/sites\/9\/2023\/04\/fd03ed7b-38ba-4397-8522-4ada7057687e-1-850x500.jpg' srcset='' sizes='auto' alt=''><\/a><figcaption><\/figcaption><\/div><div class='item'><a href='https:\/\/www.tamaulipas.gob.mx\/obraspublicas\/wp-content\/uploads\/sites\/9\/2023\/04\/whatsapp-image-2023-04-03-at-10.39.47-1.jpeg' rel='galeria'><img src='https:\/\/www.tamaulipas.gob.mx\/obraspublicas\/wp-content\/uploads\/sites\/9\/2023\/04\/whatsapp-image-2023-04-03-at-10.39.47-1-850x500.jpeg' srcset='' sizes='auto' alt=''><\/a><figcaption><\/figcaption><\/div><div class='item'><a href='https:\/\/www.tamaulipas.gob.mx\/obraspublicas\/wp-content\/uploads\/sites\/9\/2023\/04\/whatsapp-image-2023-03-17-at-11.53.31-1.jpeg' rel='galeria'><img src='https:\/\/www.tamaulipas.gob.mx\/obraspublicas\/wp-content\/uploads\/sites\/9\/2023\/04\/whatsapp-image-2023-03-17-at-11.53.31-1-850x500.jpeg' srcset='' sizes='auto' alt=''><\/a><figcaption><\/figcaption><\/div><div class='item'><a href='https:\/\/www.tamaulipas.gob.mx\/obraspublicas\/wp-content\/uploads\/sites\/9\/2023\/04\/whatsapp-image-2023-03-17-at-11.53.28-1.jpeg' rel='galeria'><img src='https:\/\/www.tamaulipas.gob.mx\/obraspublicas\/wp-content\/uploads\/sites\/9\/2023\/04\/whatsapp-image-2023-03-17-at-11.53.28-1-850x500.jpeg' srcset='' sizes='auto' alt=''><\/a><figcaption><\/figcaption><\/div><div class='item'><a href='https:\/\/www.tamaulipas.gob.mx\/obraspublicas\/wp-content\/uploads\/sites\/9\/2023\/04\/whatsapp-image-2023-03-17-at-11.53.02-2.jpeg' rel='galeria'><img src='https:\/\/www.tamaulipas.gob.mx\/obraspublicas\/wp-content\/uploads\/sites\/9\/2023\/04\/whatsapp-image-2023-03-17-at-11.53.02-2-850x500.jpeg' srcset='' sizes='auto' alt=''><\/a><figcaption><\/figcaption><\/div><\/div>\n","protected":false},"excerpt":{"rendered":"<p>Villagran, Tamaulipas.- El Gobierno de Tamaulipas a trav\u00e9s de la Secretar\u00eda de Obras P\u00fablicas concluye los trabajos de pavimentaci\u00f3n asf\u00e1ltica del camino de la cabecera\u2026<\/p>\n","protected":false},"author":77,"featured_media":8895,"comment_status":"closed","ping_status":"closed","sticky":false,"template":"","format":"standard","meta":{"footnotes":""},"categories":[1],"tags":[],"class_list":["post-8891","post","type-post","status-publish","format-standard","has-post-thumbnail","hentry","category-prensa"],"publishpress_future_action":{"enabled":false,"date":"2026-05-04 16:12:54","action":"change-status","newStatus":"draft","terms":[],"taxonomy":"category"},"_links":{"self":[{"href":"https:\/\/www.tamaulipas.gob.mx\/obraspublicas\/wp-json\/wp\/v2\/posts\/8891"}],"collection":[{"href":"https:\/\/www.tamaulipas.gob.mx\/obraspublicas\/wp-json\/wp\/v2\/posts"}],"about":[{"href":"https:\/\/www.tamaulipas.gob.mx\/obraspublicas\/wp-json\/wp\/v2\/types\/post"}],"author":[{"embeddable":true,"href":"https:\/\/www.tamaulipas.gob.mx\/obraspublicas\/wp-json\/wp\/v2\/users\/77"}],"replies":[{"embeddable":true,"href":"https:\/\/www.tamaulipas.gob.mx\/obraspublicas\/wp-json\/wp\/v2\/comments?post=8891"}],"version-history":[{"count":1,"href":"https:\/\/www.tamaulipas.gob.mx\/obraspublicas\/wp-json\/wp\/v2\/posts\/8891\/revisions"}],"predecessor-version":[{"id":8897,"href":"https:\/\/www.tamaulipas.gob.mx\/obraspublicas\/wp-json\/wp\/v2\/posts\/8891\/revisions\/8897"}],"wp:featuredmedia":[{"embeddable":true,"href":"https:\/\/www.tamaulipas.gob.mx\/obraspublicas\/wp-json\/wp\/v2\/media\/8895"}],"wp:attachment":[{"href":"https:\/\/www.tamaulipas.gob.mx\/obraspublicas\/wp-json\/wp\/v2\/media?parent=8891"}],"wp:term":[{"taxonomy":"category","embeddable":true,"href":"https:\/\/www.tamaulipas.gob.mx\/obraspublicas\/wp-json\/wp\/v2\/categories?post=8891"},{"taxonomy":"post_tag","embeddable":true,"href":"https:\/\/www.tamaulipas.gob.mx\/obraspublicas\/wp-json\/wp\/v2\/tags?post=8891"}],"curies":[{"name":"wp","href":"https:\/\/api.w.org\/{rel}","templated":true}]}}