{"id":8752,"date":"2023-03-13T11:29:43","date_gmt":"2023-03-13T17:29:43","guid":{"rendered":"https:\/\/www.tamaulipas.gob.mx\/obraspublicas\/?p=8752"},"modified":"2023-03-13T11:29:43","modified_gmt":"2023-03-13T17:29:43","slug":"el-gobierno-federal-destina-importante-inversion-para-la-obra-publica-en-tamaulipas","status":"publish","type":"post","link":"https:\/\/www.tamaulipas.gob.mx\/obraspublicas\/2023\/03\/el-gobierno-federal-destina-importante-inversion-para-la-obra-publica-en-tamaulipas\/","title":{"rendered":"EL GOBIERNO FEDERAL DESTINA IMPORTANTE INVERSI\u00d3N PARA LA OBRA P\u00daBLICA EN TAMAULIPAS"},"content":{"rendered":"<p>Durante estos primeros cinco meses de trabajo, el gobernador del estado, Dr. Am\u00e9rico Villarreal Anaya, ha logrado gestionar para inversi\u00f3n en obra p\u00fablica, m\u00e1s de 30 mmdp.<\/p>\n<p>El secretario de obras p\u00fablicas, coment\u00f3 que el restablecimiento de las buenas relaciones entre el estado y la federaci\u00f3n es el factor detonante para la creaci\u00f3n de una mejor infraestructura que otorgue beneficios a la poblaci\u00f3n de Tamaulipas, especialmente a los que menos tienen.<\/p>\n<p>En materia de salud, se est\u00e1 trabajando en el proyecto que permita terminar el hospital de Madero, que debido a las fallas estructurales con las que se recibi\u00f3, no cuenta con las condiciones necesarias para su puesta en marcha y de esta forma brindar atenci\u00f3n m\u00e9dica a los habitantes de la zona conurbada del sur de Tamaulipas.<\/p>\n<p>Con el incremento del 10%, por parte de la federaci\u00f3n, a la obra p\u00fablica de nuestra entidad, se preveen importantes proyectos de beneficio integral para la sociedad, pues adem\u00e1s del hospital de ciudad madero, se contempla la construcci\u00f3n del hospital del ISSSTE en tampico, y otro nosocomio m\u00e1s en San Fernando.<\/p>\n<p>Obras que modernicen y eficienticen el trabajo de las y los tamaulipecos, tales como la red de l\u00edneas de alta tensi\u00f3n para la transmisi\u00f3n de energ\u00eda el\u00e9ctrica, la construcci\u00f3n del libramiento gasoducto en Reynosa, el tercer puerto de altura\u00a0 en Matamoros, la aduana de Nuevo Laredo, la ampliaci\u00f3n del Puente Internacional Reynosa-Pharr, as\u00ed como los 49 bancos de bienestar; es infraestructura que impacta en todos los sectores de la poblaci\u00f3n, a lo largo y ancho de todo el territorio Tamaulipeco, en materia de salud, desarrollo econ\u00f3mico y bienestar para los hogares de empresarios y trabajadores de todas las ramas.<\/p>\n<p>La carretera Mante-Ocampo-Tula, viene a fortalecer la red carretera del estado, brindando mejor conectividad a la regi\u00f3n Mante con estados vecinos, con el centro y con la propia frontera Tamaulipeca, por lo que la convierte en un paso estrat\u00e9gico no solo para dicha regi\u00f3n, sino para todo nuestro estado, y otras entidades vecinas.<\/p>\n<p>El programa de \u201cRehabilitaci\u00f3n, Pavimentaci\u00f3n y Bacheo en diversas vialidades\u201d, que incluye trabajos de pavimentaci\u00f3n hidr\u00e1ulica, asf\u00e1ltica, alumbrado, guarniciones, banquetas, se\u00f1alamientos y aquellos relacionados con la red de drenaje, se lleva a cabo actualmente en m\u00e1s de 20 municipios en el \u00e1rea urbana y rural, y en esta \u00faltima se realizan trabajos de conservaci\u00f3n, recarpeteo y revestimiento de caminos rurales.<\/p>\n<p>Inform\u00f3 el Ing. Pedro cepeda, que la secretar\u00eda de obras p\u00fablicas, en sus proyectos de planeaci\u00f3n, construcci\u00f3n y conservaci\u00f3n, atendiendo las instrucciones del ejecutivo, dar\u00e1 prioridad a las acciones de beneficio a la poblaci\u00f3n que m\u00e1s lo necesite, sin distingos ni exclusiones y a la vez, a las obras que dignifiquen la vida y el quehacer de quienes habitan este estado.<\/p>\n<div class='owl-gallery'><div class='item'><a href='https:\/\/www.tamaulipas.gob.mx\/obraspublicas\/wp-content\/uploads\/sites\/9\/2023\/03\/whatsapp-image-2023-03-13-at-10.42.55-am.jpeg' rel='galeria'><img src='https:\/\/www.tamaulipas.gob.mx\/obraspublicas\/wp-content\/uploads\/sites\/9\/2023\/03\/whatsapp-image-2023-03-13-at-10.42.55-am-850x500.jpeg' srcset='' sizes='auto' alt=''><\/a><figcaption><\/figcaption><\/div><div class='item'><a href='https:\/\/www.tamaulipas.gob.mx\/obraspublicas\/wp-content\/uploads\/sites\/9\/2023\/03\/whatsapp-image-2023-03-13-at-10.40.18-am.jpeg' rel='galeria'><img src='https:\/\/www.tamaulipas.gob.mx\/obraspublicas\/wp-content\/uploads\/sites\/9\/2023\/03\/whatsapp-image-2023-03-13-at-10.40.18-am-850x500.jpeg' srcset='' sizes='auto' alt=''><\/a><figcaption><\/figcaption><\/div><div class='item'><a href='https:\/\/www.tamaulipas.gob.mx\/obraspublicas\/wp-content\/uploads\/sites\/9\/2023\/03\/whatsapp-image-2023-03-13-at-11.12.26-am.jpeg' rel='galeria'><img src='https:\/\/www.tamaulipas.gob.mx\/obraspublicas\/wp-content\/uploads\/sites\/9\/2023\/03\/whatsapp-image-2023-03-13-at-11.12.26-am.jpeg' srcset='' sizes='auto' alt=''><\/a><figcaption><\/figcaption><\/div><div class='item'><a href='https:\/\/www.tamaulipas.gob.mx\/obraspublicas\/wp-content\/uploads\/sites\/9\/2023\/03\/whatsapp-image-2023-03-13-at-10.43.58-am.jpeg' rel='galeria'><img src='https:\/\/www.tamaulipas.gob.mx\/obraspublicas\/wp-content\/uploads\/sites\/9\/2023\/03\/whatsapp-image-2023-03-13-at-10.43.58-am-850x500.jpeg' srcset='' sizes='auto' alt=''><\/a><figcaption><\/figcaption><\/div><div class='item'><a href='https:\/\/www.tamaulipas.gob.mx\/obraspublicas\/wp-content\/uploads\/sites\/9\/2023\/03\/whatsapp-image-2023-03-13-at-10.43.58-am-1.jpeg' rel='galeria'><img src='https:\/\/www.tamaulipas.gob.mx\/obraspublicas\/wp-content\/uploads\/sites\/9\/2023\/03\/whatsapp-image-2023-03-13-at-10.43.58-am-1-850x500.jpeg' srcset='' sizes='auto' alt=''><\/a><figcaption><\/figcaption><\/div><div class='item'><a href='https:\/\/www.tamaulipas.gob.mx\/obraspublicas\/wp-content\/uploads\/sites\/9\/2023\/03\/whatsapp-image-2023-03-13-at-10.43.58-am-2.jpeg' rel='galeria'><img src='https:\/\/www.tamaulipas.gob.mx\/obraspublicas\/wp-content\/uploads\/sites\/9\/2023\/03\/whatsapp-image-2023-03-13-at-10.43.58-am-2-850x500.jpeg' srcset='' sizes='auto' alt=''><\/a><figcaption><\/figcaption><\/div><div class='item'><a href='https:\/\/www.tamaulipas.gob.mx\/obraspublicas\/wp-content\/uploads\/sites\/9\/2023\/03\/whatsapp-image-2023-03-13-at-10.44.00-am-1.jpeg' rel='galeria'><img src='https:\/\/www.tamaulipas.gob.mx\/obraspublicas\/wp-content\/uploads\/sites\/9\/2023\/03\/whatsapp-image-2023-03-13-at-10.44.00-am-1-850x500.jpeg' srcset='' sizes='auto' alt=''><\/a><figcaption><\/figcaption><\/div><div class='item'><a href='https:\/\/www.tamaulipas.gob.mx\/obraspublicas\/wp-content\/uploads\/sites\/9\/2023\/03\/whatsapp-image-2023-03-13-at-10.44.00-am-2.jpeg' rel='galeria'><img src='https:\/\/www.tamaulipas.gob.mx\/obraspublicas\/wp-content\/uploads\/sites\/9\/2023\/03\/whatsapp-image-2023-03-13-at-10.44.00-am-2-850x500.jpeg' srcset='' sizes='auto' alt=''><\/a><figcaption><\/figcaption><\/div><div class='item'><a href='https:\/\/www.tamaulipas.gob.mx\/obraspublicas\/wp-content\/uploads\/sites\/9\/2023\/03\/whatsapp-image-2023-03-13-at-10.43.59-am.jpeg' rel='galeria'><img src='https:\/\/www.tamaulipas.gob.mx\/obraspublicas\/wp-content\/uploads\/sites\/9\/2023\/03\/whatsapp-image-2023-03-13-at-10.43.59-am-850x500.jpeg' srcset='' sizes='auto' alt=''><\/a><figcaption><\/figcaption><\/div><div class='item'><a href='https:\/\/www.tamaulipas.gob.mx\/obraspublicas\/wp-content\/uploads\/sites\/9\/2023\/03\/whatsapp-image-2023-03-13-at-10.43.59-am-1.jpeg' rel='galeria'><img src='https:\/\/www.tamaulipas.gob.mx\/obraspublicas\/wp-content\/uploads\/sites\/9\/2023\/03\/whatsapp-image-2023-03-13-at-10.43.59-am-1-850x500.jpeg' srcset='' sizes='auto' alt=''><\/a><figcaption><\/figcaption><\/div><div class='item'><a href='https:\/\/www.tamaulipas.gob.mx\/obraspublicas\/wp-content\/uploads\/sites\/9\/2023\/03\/whatsapp-image-2023-03-13-at-10.44.00-am.jpeg' rel='galeria'><img src='https:\/\/www.tamaulipas.gob.mx\/obraspublicas\/wp-content\/uploads\/sites\/9\/2023\/03\/whatsapp-image-2023-03-13-at-10.44.00-am-850x500.jpeg' srcset='' sizes='auto' alt=''><\/a><figcaption><\/figcaption><\/div><\/div>\n","protected":false},"excerpt":{"rendered":"<p>Durante estos primeros cinco meses de trabajo, el gobernador del estado, Dr. Am\u00e9rico Villarreal Anaya, ha logrado gestionar para inversi\u00f3n en obra p\u00fablica, m\u00e1s de\u2026<\/p>\n","protected":false},"author":77,"featured_media":8761,"comment_status":"closed","ping_status":"closed","sticky":false,"template":"","format":"standard","meta":{"footnotes":""},"categories":[1],"tags":[],"class_list":["post-8752","post","type-post","status-publish","format-standard","has-post-thumbnail","hentry","category-prensa"],"publishpress_future_action":{"enabled":false,"date":"2026-05-04 16:12:24","action":"change-status","newStatus":"draft","terms":[],"taxonomy":"category"},"_links":{"self":[{"href":"https:\/\/www.tamaulipas.gob.mx\/obraspublicas\/wp-json\/wp\/v2\/posts\/8752"}],"collection":[{"href":"https:\/\/www.tamaulipas.gob.mx\/obraspublicas\/wp-json\/wp\/v2\/posts"}],"about":[{"href":"https:\/\/www.tamaulipas.gob.mx\/obraspublicas\/wp-json\/wp\/v2\/types\/post"}],"author":[{"embeddable":true,"href":"https:\/\/www.tamaulipas.gob.mx\/obraspublicas\/wp-json\/wp\/v2\/users\/77"}],"replies":[{"embeddable":true,"href":"https:\/\/www.tamaulipas.gob.mx\/obraspublicas\/wp-json\/wp\/v2\/comments?post=8752"}],"version-history":[{"count":1,"href":"https:\/\/www.tamaulipas.gob.mx\/obraspublicas\/wp-json\/wp\/v2\/posts\/8752\/revisions"}],"predecessor-version":[{"id":8765,"href":"https:\/\/www.tamaulipas.gob.mx\/obraspublicas\/wp-json\/wp\/v2\/posts\/8752\/revisions\/8765"}],"wp:featuredmedia":[{"embeddable":true,"href":"https:\/\/www.tamaulipas.gob.mx\/obraspublicas\/wp-json\/wp\/v2\/media\/8761"}],"wp:attachment":[{"href":"https:\/\/www.tamaulipas.gob.mx\/obraspublicas\/wp-json\/wp\/v2\/media?parent=8752"}],"wp:term":[{"taxonomy":"category","embeddable":true,"href":"https:\/\/www.tamaulipas.gob.mx\/obraspublicas\/wp-json\/wp\/v2\/categories?post=8752"},{"taxonomy":"post_tag","embeddable":true,"href":"https:\/\/www.tamaulipas.gob.mx\/obraspublicas\/wp-json\/wp\/v2\/tags?post=8752"}],"curies":[{"name":"wp","href":"https:\/\/api.w.org\/{rel}","templated":true}]}}