{"id":8741,"date":"2023-03-10T15:55:38","date_gmt":"2023-03-10T21:55:38","guid":{"rendered":"https:\/\/www.tamaulipas.gob.mx\/obraspublicas\/?p=8741"},"modified":"2023-03-10T15:55:38","modified_gmt":"2023-03-10T21:55:38","slug":"entrega-de-trabajos-de-rehabilitacion-de-pavimento-asfaltico-en-matamoros","status":"publish","type":"post","link":"https:\/\/www.tamaulipas.gob.mx\/obraspublicas\/2023\/03\/entrega-de-trabajos-de-rehabilitacion-de-pavimento-asfaltico-en-matamoros\/","title":{"rendered":"Entrega de trabajos de rehabilitaci\u00f3n de Pavimento Asf\u00e1ltico en Matamoros"},"content":{"rendered":"<p>El Ing. Pedro Cepeda, secretario de Obras P\u00fablicas, inform\u00f3 que se hizo entrega de los trabajos efectuados en la obra \u201crehabilitaci\u00f3n de pavimento asf\u00e1ltico en Blvd. Manuel Cavazos Lerma (lado poniente) de diagonal Cuauht\u00e9moc a Ave. Leyes de Reforma. Etapa 1 (puente viejo) y etapa 2 (puente nuevo).<\/p>\n<p>La obra ejecutada incluye pavimentos para lo que se realiz\u00f3 fresado de la carpeta de concreto existente de 18,861.16 m2, 943.04 m3 de carpeta asf\u00e1ltica, bacheo profundo 1065.08 m3 as\u00ed como se\u00f1alamiento horizontal por un total de 4,088 metros lineales\u00a0 en las 2 etapas.<\/p>\n<p>Con esta acci\u00f3n, se di\u00f3 inicio en Matamoros a los programas de vialidad que el gobernador, Dr. Am\u00e9rico Villarreal Anaya, realizar\u00e1 en materia de rehabilitaci\u00f3n, construcci\u00f3n y conservaci\u00f3n durante su gesti\u00f3n para fortalecer la infraestructura de los municipios tamaulipecos.<\/p>\n<p>Adem\u00e1s de estos trabajos concluidos al 100%, en este mismo municipio, se ejecuta tambi\u00e9n el \u201cprograma de pavimentaci\u00f3n, rehabilitaci\u00f3n y bacheo en diversas calles\u201d en el ejido 20 de Noviembre, en las colonias el Porvenir, las Norias, Expofiesta Oriente y Melchor Ocampo.<\/p>\n<p>La rehabilitaci\u00f3n de calles ha sido una de las mayores demandas de la poblaci\u00f3n, por lo que este programa que apenas inicia, se ha puesto en marcha a lo largo y ancho de todo el Estado, sin exclusi\u00f3n alguna, como lo ha instruido el titular del ejecutivo para que nadie se quede atr\u00e1s.<\/p>\n<div class='owl-gallery'><div class='item'><a href='https:\/\/www.tamaulipas.gob.mx\/obraspublicas\/wp-content\/uploads\/sites\/9\/2023\/03\/whatsapp-image-2022-12-15-at-10.00.jpg' rel='galeria'><img src='https:\/\/www.tamaulipas.gob.mx\/obraspublicas\/wp-content\/uploads\/sites\/9\/2023\/03\/whatsapp-image-2022-12-15-at-10.00-850x500.jpg' srcset='' sizes='auto' alt=''><\/a><figcaption><\/figcaption><\/div><div class='item'><a href='https:\/\/www.tamaulipas.gob.mx\/obraspublicas\/wp-content\/uploads\/sites\/9\/2023\/03\/1-2.jpeg' rel='galeria'><img src='https:\/\/www.tamaulipas.gob.mx\/obraspublicas\/wp-content\/uploads\/sites\/9\/2023\/03\/1-2-850x500.jpeg' srcset='' sizes='auto' alt=''><\/a><figcaption><\/figcaption><\/div><div class='item'><a href='https:\/\/www.tamaulipas.gob.mx\/obraspublicas\/wp-content\/uploads\/sites\/9\/2023\/03\/3.tif_.jpg' rel='galeria'><img src='https:\/\/www.tamaulipas.gob.mx\/obraspublicas\/wp-content\/uploads\/sites\/9\/2023\/03\/3.tif_-850x500.jpg' srcset='' sizes='auto' alt=''><\/a><figcaption><\/figcaption><\/div><div class='item'><a href='https:\/\/www.tamaulipas.gob.mx\/obraspublicas\/wp-content\/uploads\/sites\/9\/2023\/03\/2.tif_.jpg' rel='galeria'><img src='https:\/\/www.tamaulipas.gob.mx\/obraspublicas\/wp-content\/uploads\/sites\/9\/2023\/03\/2.tif_-850x500.jpg' srcset='' sizes='auto' alt=''><\/a><figcaption><\/figcaption><\/div><div class='item'><a href='https:\/\/www.tamaulipas.gob.mx\/obraspublicas\/wp-content\/uploads\/sites\/9\/2023\/03\/1.tif_.jpg' rel='galeria'><img src='https:\/\/www.tamaulipas.gob.mx\/obraspublicas\/wp-content\/uploads\/sites\/9\/2023\/03\/1.tif_-850x500.jpg' srcset='' sizes='auto' alt=''><\/a><figcaption><\/figcaption><\/div><div class='item'><a href='https:\/\/www.tamaulipas.gob.mx\/obraspublicas\/wp-content\/uploads\/sites\/9\/2023\/03\/5.tif_.jpg' rel='galeria'><img src='https:\/\/www.tamaulipas.gob.mx\/obraspublicas\/wp-content\/uploads\/sites\/9\/2023\/03\/5.tif_-850x500.jpg' srcset='' sizes='auto' alt=''><\/a><figcaption><\/figcaption><\/div><\/div>\n","protected":false},"excerpt":{"rendered":"<p>El Ing. Pedro Cepeda, secretario de Obras P\u00fablicas, inform\u00f3 que se hizo entrega de los trabajos efectuados en la obra \u201crehabilitaci\u00f3n de pavimento asf\u00e1ltico en\u2026<\/p>\n","protected":false},"author":77,"featured_media":8745,"comment_status":"closed","ping_status":"closed","sticky":false,"template":"","format":"standard","meta":{"footnotes":""},"categories":[1],"tags":[],"class_list":["post-8741","post","type-post","status-publish","format-standard","has-post-thumbnail","hentry","category-prensa"],"publishpress_future_action":{"enabled":false,"date":"2026-05-04 16:12:27","action":"change-status","newStatus":"draft","terms":[],"taxonomy":"category"},"_links":{"self":[{"href":"https:\/\/www.tamaulipas.gob.mx\/obraspublicas\/wp-json\/wp\/v2\/posts\/8741"}],"collection":[{"href":"https:\/\/www.tamaulipas.gob.mx\/obraspublicas\/wp-json\/wp\/v2\/posts"}],"about":[{"href":"https:\/\/www.tamaulipas.gob.mx\/obraspublicas\/wp-json\/wp\/v2\/types\/post"}],"author":[{"embeddable":true,"href":"https:\/\/www.tamaulipas.gob.mx\/obraspublicas\/wp-json\/wp\/v2\/users\/77"}],"replies":[{"embeddable":true,"href":"https:\/\/www.tamaulipas.gob.mx\/obraspublicas\/wp-json\/wp\/v2\/comments?post=8741"}],"version-history":[{"count":1,"href":"https:\/\/www.tamaulipas.gob.mx\/obraspublicas\/wp-json\/wp\/v2\/posts\/8741\/revisions"}],"predecessor-version":[{"id":8751,"href":"https:\/\/www.tamaulipas.gob.mx\/obraspublicas\/wp-json\/wp\/v2\/posts\/8741\/revisions\/8751"}],"wp:featuredmedia":[{"embeddable":true,"href":"https:\/\/www.tamaulipas.gob.mx\/obraspublicas\/wp-json\/wp\/v2\/media\/8745"}],"wp:attachment":[{"href":"https:\/\/www.tamaulipas.gob.mx\/obraspublicas\/wp-json\/wp\/v2\/media?parent=8741"}],"wp:term":[{"taxonomy":"category","embeddable":true,"href":"https:\/\/www.tamaulipas.gob.mx\/obraspublicas\/wp-json\/wp\/v2\/categories?post=8741"},{"taxonomy":"post_tag","embeddable":true,"href":"https:\/\/www.tamaulipas.gob.mx\/obraspublicas\/wp-json\/wp\/v2\/tags?post=8741"}],"curies":[{"name":"wp","href":"https:\/\/api.w.org\/{rel}","templated":true}]}}