{"id":8733,"date":"2023-03-09T13:38:29","date_gmt":"2023-03-09T19:38:29","guid":{"rendered":"https:\/\/www.tamaulipas.gob.mx\/obraspublicas\/?p=8733"},"modified":"2023-03-09T13:38:29","modified_gmt":"2023-03-09T19:38:29","slug":"trabajos-de-rehabilitacion-de-infraestructura-vial-e-hidraulica-en-tampico","status":"publish","type":"post","link":"https:\/\/www.tamaulipas.gob.mx\/obraspublicas\/2023\/03\/trabajos-de-rehabilitacion-de-infraestructura-vial-e-hidraulica-en-tampico\/","title":{"rendered":"TRABAJOS DE REHABILITACI\u00d3N DE INFRAESTRUCTURA VIAL E HIDR\u00c1ULICA EN TAMPICO."},"content":{"rendered":"<p>Con la finalidad de atender las demandas que en materia de movilidad,\u00a0 la poblaci\u00f3n ha externado al Gobernador del Estado, Dr. Am\u00e9rico Villarreal Anaya, se llev\u00f3 a cabo la repavimentaci\u00f3n de los carriles de la Avenida Hidalgo de la calle Lomas de Rosales a calle Jacarandas en la ciudad de Tampico, Tamaulipas.<\/p>\n<p>Los trabajos ejecutados por la Secretar\u00eda de Obras P\u00fablicas, consistieron en 16,330.84 m2 de fresado, 816 m3 de carpeta asf\u00e1ltica, 119.90 m3 de bacheo profundo, as\u00ed como se\u00f1alamiento horizontal de 1031.00 metros lineales en esta importante vialidad fueron concluidos y entregados al Ayuntamiento a trav\u00e9s de su \u00e1rea operativa.<\/p>\n<p>Esta obra, se encuentra operando ya, satisfactoriamente y se acuerda que su mantenimiento y conservaci\u00f3n estar\u00e1 bajo la responsabilidad de dicha \u00e1rea del Ayuntamiento.<\/p>\n<p>El gobierno de Tamaulipas, al servicio de la poblaci\u00f3n, construye y conserva coordinadamente con los gobiernos municipales v\u00edas que den seguridad, inclusi\u00f3n y bienestar a todas y todos los habitantes de la entidad.<\/p>\n<p>Inform\u00f3 tambi\u00e9n el Secretario de Obras P\u00fablicas, Ing. Pedro Cepeda, que actualmente en este mismo puerto se llevan a cabo trabajos de pavimentaci\u00f3n hidr\u00e1ulica, reposici\u00f3n de l\u00edneas de drenaje, descargas sanitarias, de l\u00edneas de agua potable y de tomas domiciliarias en calles de diferentes puntos como lo son la colonia Primavera y el Charro.<\/p>\n<div class='owl-gallery'><div class='item'><a href='https:\/\/www.tamaulipas.gob.mx\/obraspublicas\/wp-content\/uploads\/sites\/9\/2023\/03\/20230124_134614-1.jpg' rel='galeria'><img src='https:\/\/www.tamaulipas.gob.mx\/obraspublicas\/wp-content\/uploads\/sites\/9\/2023\/03\/20230124_134614-1-850x500.jpg' srcset='' sizes='auto' alt=''><\/a><figcaption><\/figcaption><\/div><div class='item'><a href='https:\/\/www.tamaulipas.gob.mx\/obraspublicas\/wp-content\/uploads\/sites\/9\/2023\/03\/20230131_131430.jpg' rel='galeria'><img src='https:\/\/www.tamaulipas.gob.mx\/obraspublicas\/wp-content\/uploads\/sites\/9\/2023\/03\/20230131_131430-850x500.jpg' srcset='' sizes='auto' alt=''><\/a><figcaption><\/figcaption><\/div><div class='item'><a href='https:\/\/www.tamaulipas.gob.mx\/obraspublicas\/wp-content\/uploads\/sites\/9\/2023\/03\/20230131_131459.jpg' rel='galeria'><img src='https:\/\/www.tamaulipas.gob.mx\/obraspublicas\/wp-content\/uploads\/sites\/9\/2023\/03\/20230131_131459-850x500.jpg' srcset='' sizes='auto' alt=''><\/a><figcaption><\/figcaption><\/div><div class='item'><a href='https:\/\/www.tamaulipas.gob.mx\/obraspublicas\/wp-content\/uploads\/sites\/9\/2023\/03\/whatsapp-image-2023-03-09-at-1.24.22-pm.jpeg' rel='galeria'><img src='https:\/\/www.tamaulipas.gob.mx\/obraspublicas\/wp-content\/uploads\/sites\/9\/2023\/03\/whatsapp-image-2023-03-09-at-1.24.22-pm-850x500.jpeg' srcset='' sizes='auto' alt=''><\/a><figcaption><\/figcaption><\/div><div class='item'><a href='https:\/\/www.tamaulipas.gob.mx\/obraspublicas\/wp-content\/uploads\/sites\/9\/2023\/03\/whatsapp-image-2023-03-09-at-1.24.22-pm-1.jpeg' rel='galeria'><img src='https:\/\/www.tamaulipas.gob.mx\/obraspublicas\/wp-content\/uploads\/sites\/9\/2023\/03\/whatsapp-image-2023-03-09-at-1.24.22-pm-1-850x500.jpeg' srcset='' sizes='auto' alt=''><\/a><figcaption><\/figcaption><\/div><div class='item'><a href='https:\/\/www.tamaulipas.gob.mx\/obraspublicas\/wp-content\/uploads\/sites\/9\/2023\/03\/whatsapp-image-2023-03-09-at-1.24.21-pm.jpeg' rel='galeria'><img src='https:\/\/www.tamaulipas.gob.mx\/obraspublicas\/wp-content\/uploads\/sites\/9\/2023\/03\/whatsapp-image-2023-03-09-at-1.24.21-pm-542x500.jpeg' srcset='' sizes='auto' alt=''><\/a><figcaption><\/figcaption><\/div><\/div>\n","protected":false},"excerpt":{"rendered":"<p>Con la finalidad de atender las demandas que en materia de movilidad,\u00a0 la poblaci\u00f3n ha externado al Gobernador del Estado, Dr. Am\u00e9rico Villarreal Anaya, se\u2026<\/p>\n","protected":false},"author":77,"featured_media":8737,"comment_status":"closed","ping_status":"closed","sticky":false,"template":"","format":"standard","meta":{"footnotes":""},"categories":[1],"tags":[],"class_list":["post-8733","post","type-post","status-publish","format-standard","has-post-thumbnail","hentry","category-prensa"],"publishpress_future_action":{"enabled":false,"date":"2026-05-04 16:12:47","action":"change-status","newStatus":"draft","terms":[],"taxonomy":"category"},"_links":{"self":[{"href":"https:\/\/www.tamaulipas.gob.mx\/obraspublicas\/wp-json\/wp\/v2\/posts\/8733"}],"collection":[{"href":"https:\/\/www.tamaulipas.gob.mx\/obraspublicas\/wp-json\/wp\/v2\/posts"}],"about":[{"href":"https:\/\/www.tamaulipas.gob.mx\/obraspublicas\/wp-json\/wp\/v2\/types\/post"}],"author":[{"embeddable":true,"href":"https:\/\/www.tamaulipas.gob.mx\/obraspublicas\/wp-json\/wp\/v2\/users\/77"}],"replies":[{"embeddable":true,"href":"https:\/\/www.tamaulipas.gob.mx\/obraspublicas\/wp-json\/wp\/v2\/comments?post=8733"}],"version-history":[{"count":1,"href":"https:\/\/www.tamaulipas.gob.mx\/obraspublicas\/wp-json\/wp\/v2\/posts\/8733\/revisions"}],"predecessor-version":[{"id":8740,"href":"https:\/\/www.tamaulipas.gob.mx\/obraspublicas\/wp-json\/wp\/v2\/posts\/8733\/revisions\/8740"}],"wp:featuredmedia":[{"embeddable":true,"href":"https:\/\/www.tamaulipas.gob.mx\/obraspublicas\/wp-json\/wp\/v2\/media\/8737"}],"wp:attachment":[{"href":"https:\/\/www.tamaulipas.gob.mx\/obraspublicas\/wp-json\/wp\/v2\/media?parent=8733"}],"wp:term":[{"taxonomy":"category","embeddable":true,"href":"https:\/\/www.tamaulipas.gob.mx\/obraspublicas\/wp-json\/wp\/v2\/categories?post=8733"},{"taxonomy":"post_tag","embeddable":true,"href":"https:\/\/www.tamaulipas.gob.mx\/obraspublicas\/wp-json\/wp\/v2\/tags?post=8733"}],"curies":[{"name":"wp","href":"https:\/\/api.w.org\/{rel}","templated":true}]}}