{"id":1483,"date":"2025-08-22T10:00:19","date_gmt":"2025-08-22T16:00:19","guid":{"rendered":"https:\/\/www.tamaulipas.gob.mx\/itabec\/?p=1483"},"modified":"2025-08-27T15:36:53","modified_gmt":"2025-08-27T21:36:53","slug":"video-paquetes-de-utiles-escolares-primaria-4-o-a-6-o-grado-2","status":"publish","type":"post","link":"https:\/\/www.tamaulipas.gob.mx\/itabec\/2025\/08\/video-paquetes-de-utiles-escolares-primaria-4-o-a-6-o-grado-2\/","title":{"rendered":"Video: Paquetes de \u00datiles Escolares \u2013 Primaria 4.\u00ba a 6.\u00ba grado"},"content":{"rendered":"<p>1138-2025.<br \/>\nAgosto 22 de 2025,<br \/>\nCiudad Victoria, Tamaulipas.<\/p>\n<p>Te presentamos la lista de los \u00fatiles escolares que el Gobierno del Estado de Tamaulipas entregar\u00e1 a las ni\u00f1as, ni\u00f1os y adolescentes de escuelas p\u00fablicas para el ciclo escolar 2025-2026.<\/p>\n<p>Estos apoyos representan una ayuda a la econom\u00eda familiar y garantizan una mayor equidad en el acceso a la educaci\u00f3n de las y los estudiantes de Tamaulipas.<\/p>\n<p>Gracias a esta pol\u00edtica educativa, el gobierno del Estado, bajo el liderazgo del gobernador Am\u00e9rico Villarreal Anaya, fortalece la transformaci\u00f3n y el bienestar de las familias tamaulipecas.<\/p>\n<p>Juntos y trabajando en equipo, el humanismo es el motor de la transformaci\u00f3n educativa.<\/p>\n<p>Video:\u00a0<a href=\"https:\/\/www.facebook.com\/share\/v\/1BuSmJ8fzF\/\" target=\"_blank\" rel=\"noopener\">https:\/\/www.facebook.com\/share\/v\/1BuSmJ8fzF\/<\/a><\/p>\n","protected":false},"excerpt":{"rendered":"<p>1138-2025. Agosto 22 de 2025, Ciudad Victoria, Tamaulipas. Te presentamos la lista de los \u00fatiles escolares que el Gobierno del Estado de Tamaulipas entregar\u00e1 a\u2026<\/p>\n","protected":false},"author":460,"featured_media":1484,"comment_status":"closed","ping_status":"closed","sticky":false,"template":"","format":"standard","meta":{"footnotes":""},"categories":[1],"tags":[],"class_list":["post-1483","post","type-post","status-publish","format-standard","has-post-thumbnail","hentry","category-prensa"],"publishpress_future_action":{"enabled":false,"date":"2026-05-05 05:38:12","action":"change-status","newStatus":"draft","terms":[],"taxonomy":"category"},"_links":{"self":[{"href":"https:\/\/www.tamaulipas.gob.mx\/itabec\/wp-json\/wp\/v2\/posts\/1483"}],"collection":[{"href":"https:\/\/www.tamaulipas.gob.mx\/itabec\/wp-json\/wp\/v2\/posts"}],"about":[{"href":"https:\/\/www.tamaulipas.gob.mx\/itabec\/wp-json\/wp\/v2\/types\/post"}],"author":[{"embeddable":true,"href":"https:\/\/www.tamaulipas.gob.mx\/itabec\/wp-json\/wp\/v2\/users\/460"}],"replies":[{"embeddable":true,"href":"https:\/\/www.tamaulipas.gob.mx\/itabec\/wp-json\/wp\/v2\/comments?post=1483"}],"version-history":[{"count":1,"href":"https:\/\/www.tamaulipas.gob.mx\/itabec\/wp-json\/wp\/v2\/posts\/1483\/revisions"}],"predecessor-version":[{"id":1485,"href":"https:\/\/www.tamaulipas.gob.mx\/itabec\/wp-json\/wp\/v2\/posts\/1483\/revisions\/1485"}],"wp:featuredmedia":[{"embeddable":true,"href":"https:\/\/www.tamaulipas.gob.mx\/itabec\/wp-json\/wp\/v2\/media\/1484"}],"wp:attachment":[{"href":"https:\/\/www.tamaulipas.gob.mx\/itabec\/wp-json\/wp\/v2\/media?parent=1483"}],"wp:term":[{"taxonomy":"category","embeddable":true,"href":"https:\/\/www.tamaulipas.gob.mx\/itabec\/wp-json\/wp\/v2\/categories?post=1483"},{"taxonomy":"post_tag","embeddable":true,"href":"https:\/\/www.tamaulipas.gob.mx\/itabec\/wp-json\/wp\/v2\/tags?post=1483"}],"curies":[{"name":"wp","href":"https:\/\/api.w.org\/{rel}","templated":true}]}}