{"id":1480,"date":"2025-08-21T10:00:40","date_gmt":"2025-08-21T16:00:40","guid":{"rendered":"https:\/\/www.tamaulipas.gob.mx\/itabec\/?p=1480"},"modified":"2025-08-27T15:35:25","modified_gmt":"2025-08-27T21:35:25","slug":"beca-avanza-por-las-ninas-los-ninos-y-adolescentes-de-tamaulipas","status":"publish","type":"post","link":"https:\/\/www.tamaulipas.gob.mx\/itabec\/2025\/08\/beca-avanza-por-las-ninas-los-ninos-y-adolescentes-de-tamaulipas\/","title":{"rendered":"Beca \u201cAvanza por las Ni\u00f1as, los Ni\u00f1os y Adolescentes de Tamaulipas\u201d"},"content":{"rendered":"<p>1134-2025.<br \/>\nAgosto 21 de 2025,<br \/>\nCiudad Victoria, Tamaulipas.<\/p>\n<p>El Gobierno del Estado de Tamaulipas a trav\u00e9s de la Secretar\u00eda de Educaci\u00f3n y el Instituto Tamaulipeco de Becas, Est\u00edmulos y Cr\u00e9ditos Educativos, convoca a realizar el tr\u00e1mite de la Beca \u201cAvanza por las Ni\u00f1as, los Ni\u00f1os y Adolescentes de Tamaulipas\u201d, del ciclo escolar 2025-2026.<\/p>\n<p>Dirigida a estudiantes inscritos en Instituciones P\u00fablicas del Sistema Educativo Estatal, en los niveles de educaci\u00f3n Especial, Primaria, y en casos espec\u00edficos cuando as\u00ed se justifique, de Preescolar y 1er. grado de Primaria, as\u00ed como a estudiantes de nivel Preescolar y Primaria, inscritos en Instituciones P\u00fablicas del Sistema Educativo Estatal, identificados por el Sistema para el Desarrollo Integral de la Familia de Tamaulipas con \u201calto grado de marginaci\u00f3n y vulnerabilidad\u201d.<\/p>\n<p>Las solicitudes estar\u00e1n disponibles en el Centro Regional de Desarrollo Educativo (CREDE) correspondiente a tu municipio, o se podr\u00e1 descargar en<\/p>\n<p><a href=\"https:\/\/www.tamaulipas.gob.mx\/educacion\/becas\" target=\"_blank\" rel=\"noopener\">https:\/\/www.tamaulipas.gob.mx\/educacion\/becas\/<\/a><\/p>\n<p>La entrega de la solicitud y documentaci\u00f3n ser\u00e1 de manera f\u00edsica, del 1 al 5 de septiembre de 2025, en el CREDE que corresponda a tu municipio, en horario de 8:00 a 15:00 horas, acorde a la primera letra de tu primer apellido.<\/p>\n<p>Consulta todos los detalles en<\/p>\n<p><a href=\"https:\/\/www.tamaulipas.gob.mx\/educacion\/convocatoria\/beca-avanza-nna-2025-2026\/\" target=\"_blank\" rel=\"noopener\">https:\/\/www.tamaulipas.gob.mx\/educacion\/convocatoria\/beca-avanza-nna-2025-2026\/<\/a><\/p>\n<hr \/>\n<p>S\u00edguenos en nuestro canal de WhatsApp, para m\u00e1s informaci\u00f3n como esta, en:<br \/>\n<a href=\"https:\/\/whatsapp.com\/channel\/0029VaKEoUA0wajpItFxuV3N\" target=\"_blank\" rel=\"noopener\">https:\/\/whatsapp.com\/channel\/0029VaKEoUA0wajpItFxuV3N<\/a><\/p>\n","protected":false},"excerpt":{"rendered":"<p>1134-2025. Agosto 21 de 2025, Ciudad Victoria, Tamaulipas. El Gobierno del Estado de Tamaulipas a trav\u00e9s de la Secretar\u00eda de Educaci\u00f3n y el Instituto Tamaulipeco\u2026<\/p>\n","protected":false},"author":460,"featured_media":1481,"comment_status":"closed","ping_status":"closed","sticky":false,"template":"","format":"standard","meta":{"footnotes":""},"categories":[1],"tags":[],"class_list":["post-1480","post","type-post","status-publish","format-standard","has-post-thumbnail","hentry","category-prensa"],"publishpress_future_action":{"enabled":false,"date":"2026-05-07 15:28:02","action":"change-status","newStatus":"draft","terms":[],"taxonomy":"category"},"_links":{"self":[{"href":"https:\/\/www.tamaulipas.gob.mx\/itabec\/wp-json\/wp\/v2\/posts\/1480"}],"collection":[{"href":"https:\/\/www.tamaulipas.gob.mx\/itabec\/wp-json\/wp\/v2\/posts"}],"about":[{"href":"https:\/\/www.tamaulipas.gob.mx\/itabec\/wp-json\/wp\/v2\/types\/post"}],"author":[{"embeddable":true,"href":"https:\/\/www.tamaulipas.gob.mx\/itabec\/wp-json\/wp\/v2\/users\/460"}],"replies":[{"embeddable":true,"href":"https:\/\/www.tamaulipas.gob.mx\/itabec\/wp-json\/wp\/v2\/comments?post=1480"}],"version-history":[{"count":1,"href":"https:\/\/www.tamaulipas.gob.mx\/itabec\/wp-json\/wp\/v2\/posts\/1480\/revisions"}],"predecessor-version":[{"id":1482,"href":"https:\/\/www.tamaulipas.gob.mx\/itabec\/wp-json\/wp\/v2\/posts\/1480\/revisions\/1482"}],"wp:featuredmedia":[{"embeddable":true,"href":"https:\/\/www.tamaulipas.gob.mx\/itabec\/wp-json\/wp\/v2\/media\/1481"}],"wp:attachment":[{"href":"https:\/\/www.tamaulipas.gob.mx\/itabec\/wp-json\/wp\/v2\/media?parent=1480"}],"wp:term":[{"taxonomy":"category","embeddable":true,"href":"https:\/\/www.tamaulipas.gob.mx\/itabec\/wp-json\/wp\/v2\/categories?post=1480"},{"taxonomy":"post_tag","embeddable":true,"href":"https:\/\/www.tamaulipas.gob.mx\/itabec\/wp-json\/wp\/v2\/tags?post=1480"}],"curies":[{"name":"wp","href":"https:\/\/api.w.org\/{rel}","templated":true}]}}