{"id":1473,"date":"2025-08-26T15:00:08","date_gmt":"2025-08-26T21:00:08","guid":{"rendered":"https:\/\/www.tamaulipas.gob.mx\/itabec\/?p=1473"},"modified":"2025-08-27T15:32:58","modified_gmt":"2025-08-27T21:32:58","slug":"calendario-escolar-2025-2026-de-la-educacion-basica","status":"publish","type":"post","link":"https:\/\/www.tamaulipas.gob.mx\/itabec\/2025\/08\/calendario-escolar-2025-2026-de-la-educacion-basica\/","title":{"rendered":"Calendario Escolar 2025-2026 de la Educaci\u00f3n B\u00e1sica"},"content":{"rendered":"<p>1160-2025.<br \/>\nAgosto 26 de 2025,<br \/>\nCiudad Victoria, Tamaulipas.<\/p>\n<p>El Gobierno del Estado de Tamaulipas a trav\u00e9s de la Secretar\u00eda de Educaci\u00f3n de Tamaulipas (SET) pone a disposici\u00f3n para su consulta y descarga el Calendario Escolar 2025-2026 de la Educaci\u00f3n B\u00e1sica, vigente para las escuelas p\u00fablicas y particulares incorporadas al Sistema Educativo del Estado de Tamaulipas.<\/p>\n<p>Cons\u00faltalo en:<\/p>\n<p><a href=\"https:\/\/www.tamaulipas.gob.mx\/educacion\/calendario-basica-2025-2026\/\" target=\"_blank\" rel=\"noopener\">https:\/\/www.tamaulipas.gob.mx\/educacion\/calendario-basica-2025-2026\/<\/a><\/p>\n<hr \/>\n<p>S\u00edguenos en nuestro canal de WhatsApp, para m\u00e1s informaci\u00f3n como esta, en:<br \/>\n<a href=\"https:\/\/whatsapp.com\/channel\/0029VaKEoUA0wajpItFxuV3N\" target=\"_blank\" rel=\"noopener\">https:\/\/whatsapp.com\/channel\/0029VaKEoUA0wajpItFxuV3N<\/a><\/p>\n","protected":false},"excerpt":{"rendered":"<p>1160-2025. Agosto 26 de 2025, Ciudad Victoria, Tamaulipas. El Gobierno del Estado de Tamaulipas a trav\u00e9s de la Secretar\u00eda de Educaci\u00f3n de Tamaulipas (SET) pone\u2026<\/p>\n","protected":false},"author":460,"featured_media":1474,"comment_status":"closed","ping_status":"closed","sticky":false,"template":"","format":"standard","meta":{"footnotes":""},"categories":[1],"tags":[],"class_list":["post-1473","post","type-post","status-publish","format-standard","has-post-thumbnail","hentry","category-prensa"],"publishpress_future_action":{"enabled":false,"date":"2026-05-05 05:38:12","action":"change-status","newStatus":"draft","terms":[],"taxonomy":"category"},"_links":{"self":[{"href":"https:\/\/www.tamaulipas.gob.mx\/itabec\/wp-json\/wp\/v2\/posts\/1473"}],"collection":[{"href":"https:\/\/www.tamaulipas.gob.mx\/itabec\/wp-json\/wp\/v2\/posts"}],"about":[{"href":"https:\/\/www.tamaulipas.gob.mx\/itabec\/wp-json\/wp\/v2\/types\/post"}],"author":[{"embeddable":true,"href":"https:\/\/www.tamaulipas.gob.mx\/itabec\/wp-json\/wp\/v2\/users\/460"}],"replies":[{"embeddable":true,"href":"https:\/\/www.tamaulipas.gob.mx\/itabec\/wp-json\/wp\/v2\/comments?post=1473"}],"version-history":[{"count":1,"href":"https:\/\/www.tamaulipas.gob.mx\/itabec\/wp-json\/wp\/v2\/posts\/1473\/revisions"}],"predecessor-version":[{"id":1475,"href":"https:\/\/www.tamaulipas.gob.mx\/itabec\/wp-json\/wp\/v2\/posts\/1473\/revisions\/1475"}],"wp:featuredmedia":[{"embeddable":true,"href":"https:\/\/www.tamaulipas.gob.mx\/itabec\/wp-json\/wp\/v2\/media\/1474"}],"wp:attachment":[{"href":"https:\/\/www.tamaulipas.gob.mx\/itabec\/wp-json\/wp\/v2\/media?parent=1473"}],"wp:term":[{"taxonomy":"category","embeddable":true,"href":"https:\/\/www.tamaulipas.gob.mx\/itabec\/wp-json\/wp\/v2\/categories?post=1473"},{"taxonomy":"post_tag","embeddable":true,"href":"https:\/\/www.tamaulipas.gob.mx\/itabec\/wp-json\/wp\/v2\/tags?post=1473"}],"curies":[{"name":"wp","href":"https:\/\/api.w.org\/{rel}","templated":true}]}}