{"id":1470,"date":"2025-08-27T07:00:47","date_gmt":"2025-08-27T13:00:47","guid":{"rendered":"https:\/\/www.tamaulipas.gob.mx\/itabec\/?p=1470"},"modified":"2025-08-27T15:09:21","modified_gmt":"2025-08-27T21:09:21","slug":"beca-voluntad-y-trabajo-por-la-paz-de-tamaulipas-del-ciclo-escolar-2025-2026","status":"publish","type":"post","link":"https:\/\/www.tamaulipas.gob.mx\/itabec\/2025\/08\/beca-voluntad-y-trabajo-por-la-paz-de-tamaulipas-del-ciclo-escolar-2025-2026\/","title":{"rendered":"Beca \u201cVoluntad y Trabajo, por la paz de Tamaulipas\u201d, del ciclo escolar 2025-2026"},"content":{"rendered":"<p>1168-2025.<br \/>\nAgosto 27 de 2025,<br \/>\nCiudad Victoria, Tamaulipas.<\/p>\n<p>El Gobierno del Estado de Tamaulipas a trav\u00e9s de la Secretar\u00eda de Educaci\u00f3n (SET) y el Instituto Tamaulipeco de Becas, Est\u00edmulos y Cr\u00e9ditos Educativos invita a tramitar la Beca \u201cVoluntad y Trabajo, por la paz de Tamaulipas\u201d, del ciclo escolar 2025-2026.<\/p>\n<p>La Beca va dirigida a las y los estudiantes, hijas e hijos de los cuerpos de Seguridad adscritos a la Secretar\u00eda de Seguridad P\u00fablica de Tamaulipas, en funciones de operaci\u00f3n o ca\u00eddos en cumplimiento de su deber, inscritos en escuelas p\u00fablicas o privadas con validez oficial en los niveles Inicial, Preescolar, Primaria, Secundaria, Medio Superior y Superior del Sistema Educativo Nacional.<\/p>\n<p>La entrega de la solicitud y documentaci\u00f3n se realizar\u00e1 del 1 al 12 de septiembre de 2025, por medio de la Secretar\u00eda de Seguridad P\u00fablica.<\/p>\n<p>Consulta la convocatoria en<\/p>\n<p><a href=\"https:\/\/www.tamaulipas.gob.mx\/educacion\/convocatoria\/beca-voluntad-y-trabajo-por-la-paz-de-tamaulipas\/\" target=\"_blank\" rel=\"noopener\">https:\/\/www.tamaulipas.gob.mx\/educacion\/convocatoria\/beca-voluntad-y-trabajo-por-la-paz-de-tamaulipas\/<\/a><\/p>\n<p>Para informaci\u00f3n y dudas marque a:<\/p>\n<p>8341078998<\/p>\n<p>8342042031<\/p>\n<p>8007106710<\/p>\n<p>De 9:00 a.m. a 3:00 p.m.<\/p>\n<hr \/>\n<p>S\u00edguenos en nuestro canal de WhatsApp, para m\u00e1s informaci\u00f3n como esta, en:<br \/>\n<a href=\"https:\/\/whatsapp.com\/channel\/0029VaKEoUA0wajpItFxuV3N\" target=\"_blank\" rel=\"noopener\">https:\/\/whatsapp.com\/channel\/0029VaKEoUA0wajpItFxuV3N<\/a><\/p>\n","protected":false},"excerpt":{"rendered":"<p>1168-2025. Agosto 27 de 2025, Ciudad Victoria, Tamaulipas. El Gobierno del Estado de Tamaulipas a trav\u00e9s de la Secretar\u00eda de Educaci\u00f3n (SET) y el Instituto\u2026<\/p>\n","protected":false},"author":460,"featured_media":1471,"comment_status":"closed","ping_status":"closed","sticky":false,"template":"","format":"standard","meta":{"footnotes":""},"categories":[1],"tags":[],"class_list":["post-1470","post","type-post","status-publish","format-standard","has-post-thumbnail","hentry","category-prensa"],"publishpress_future_action":{"enabled":false,"date":"2026-05-07 14:03:34","action":"change-status","newStatus":"draft","terms":[],"taxonomy":"category"},"_links":{"self":[{"href":"https:\/\/www.tamaulipas.gob.mx\/itabec\/wp-json\/wp\/v2\/posts\/1470"}],"collection":[{"href":"https:\/\/www.tamaulipas.gob.mx\/itabec\/wp-json\/wp\/v2\/posts"}],"about":[{"href":"https:\/\/www.tamaulipas.gob.mx\/itabec\/wp-json\/wp\/v2\/types\/post"}],"author":[{"embeddable":true,"href":"https:\/\/www.tamaulipas.gob.mx\/itabec\/wp-json\/wp\/v2\/users\/460"}],"replies":[{"embeddable":true,"href":"https:\/\/www.tamaulipas.gob.mx\/itabec\/wp-json\/wp\/v2\/comments?post=1470"}],"version-history":[{"count":1,"href":"https:\/\/www.tamaulipas.gob.mx\/itabec\/wp-json\/wp\/v2\/posts\/1470\/revisions"}],"predecessor-version":[{"id":1472,"href":"https:\/\/www.tamaulipas.gob.mx\/itabec\/wp-json\/wp\/v2\/posts\/1470\/revisions\/1472"}],"wp:featuredmedia":[{"embeddable":true,"href":"https:\/\/www.tamaulipas.gob.mx\/itabec\/wp-json\/wp\/v2\/media\/1471"}],"wp:attachment":[{"href":"https:\/\/www.tamaulipas.gob.mx\/itabec\/wp-json\/wp\/v2\/media?parent=1470"}],"wp:term":[{"taxonomy":"category","embeddable":true,"href":"https:\/\/www.tamaulipas.gob.mx\/itabec\/wp-json\/wp\/v2\/categories?post=1470"},{"taxonomy":"post_tag","embeddable":true,"href":"https:\/\/www.tamaulipas.gob.mx\/itabec\/wp-json\/wp\/v2\/tags?post=1470"}],"curies":[{"name":"wp","href":"https:\/\/api.w.org\/{rel}","templated":true}]}}