{"id":1467,"date":"2025-08-25T10:00:36","date_gmt":"2025-08-25T16:00:36","guid":{"rendered":"https:\/\/www.tamaulipas.gob.mx\/itabec\/?p=1467"},"modified":"2025-08-27T15:08:12","modified_gmt":"2025-08-27T21:08:12","slug":"beca-para-la-inclusion-social-en-tamaulipas-del-ciclo-escolar-2025-2026","status":"publish","type":"post","link":"https:\/\/www.tamaulipas.gob.mx\/itabec\/2025\/08\/beca-para-la-inclusion-social-en-tamaulipas-del-ciclo-escolar-2025-2026\/","title":{"rendered":"Beca \u201cPara la Inclusi\u00f3n Social en Tamaulipas\u201d del Ciclo Escolar 2025-2026"},"content":{"rendered":"<p>1159-2025.<br \/>\nAgosto 25 de 2025,<br \/>\nCiudad Victoria, Tamaulipas.<\/p>\n<p>El Gobierno del Estado de Tamaulipas a trav\u00e9s de la Secretar\u00eda de Educaci\u00f3n y el Instituto Tamaulipeco de Becas, Est\u00edmulos y Cr\u00e9ditos Educativos invita a las y los estudiantes en situaci\u00f3n de vulnerabilidad por discapacidad motriz, visual, auditiva y\/o intelectual leve, que se encuentren realizando estudios en instituciones p\u00fablicas o privadas con validez oficial del Sistema Educativo Estatal en los Niveles de Primaria, Secundaria, Medio Superior y Superior, a tramitar la Beca \u201cPara la Inclusi\u00f3n Social en Tamaulipas\u201d del Ciclo Escolar 2025-2026.<\/p>\n<p>La entrega de la solicitud y documentaci\u00f3n se realizar\u00e1 del 1 al 12 de septiembre de 2025, por medio de los Sistemas DIF municipales en el programa \u201cSin L\u00edmites\u201d.<\/p>\n<p>Consulta los detalles de la convocatoria en<\/p>\n<p><a href=\"https:\/\/www.tamaulipas.gob.mx\/educacion\/convocatoria\/beca-para-la-inclusion-social-en-tamaulipas\/\" target=\"_blank\" rel=\"noopener\">https:\/\/www.tamaulipas.gob.mx\/educacion\/convocatoria\/beca-para-la-inclusion-social-en-tamaulipas\/<\/a><\/p>\n<p>Para informaci\u00f3n y dudas comunicarse a ITABEC:<\/p>\n<p>8341078998<\/p>\n<p>8342042031<\/p>\n<p>8007106710<\/p>\n<p>De 9:00 a.m. a 3:00 pm<\/p>\n<p>Tambi\u00e9n al Centro de Rehabilitaci\u00f3n y Educaci\u00f3n Especial del DIF Tamaulipas (CREE)<\/p>\n<p>834 316 2525.<\/p>\n<hr \/>\n<p>S\u00edguenos en nuestro canal de WhatsApp, para m\u00e1s informaci\u00f3n como esta, en:<br \/>\n<a href=\"https:\/\/whatsapp.com\/channel\/0029VaKEoUA0wajpItFxuV3N\" target=\"_blank\" rel=\"noopener\">https:\/\/whatsapp.com\/channel\/0029VaKEoUA0wajpItFxuV3N<\/a><\/p>\n","protected":false},"excerpt":{"rendered":"<p>1159-2025. Agosto 25 de 2025, Ciudad Victoria, Tamaulipas. El Gobierno del Estado de Tamaulipas a trav\u00e9s de la Secretar\u00eda de Educaci\u00f3n y el Instituto Tamaulipeco\u2026<\/p>\n","protected":false},"author":460,"featured_media":1468,"comment_status":"closed","ping_status":"closed","sticky":false,"template":"","format":"standard","meta":{"footnotes":""},"categories":[1],"tags":[],"class_list":["post-1467","post","type-post","status-publish","format-standard","has-post-thumbnail","hentry","category-prensa"],"publishpress_future_action":{"enabled":false,"date":"2026-05-05 05:38:23","action":"change-status","newStatus":"draft","terms":[],"taxonomy":"category"},"_links":{"self":[{"href":"https:\/\/www.tamaulipas.gob.mx\/itabec\/wp-json\/wp\/v2\/posts\/1467"}],"collection":[{"href":"https:\/\/www.tamaulipas.gob.mx\/itabec\/wp-json\/wp\/v2\/posts"}],"about":[{"href":"https:\/\/www.tamaulipas.gob.mx\/itabec\/wp-json\/wp\/v2\/types\/post"}],"author":[{"embeddable":true,"href":"https:\/\/www.tamaulipas.gob.mx\/itabec\/wp-json\/wp\/v2\/users\/460"}],"replies":[{"embeddable":true,"href":"https:\/\/www.tamaulipas.gob.mx\/itabec\/wp-json\/wp\/v2\/comments?post=1467"}],"version-history":[{"count":1,"href":"https:\/\/www.tamaulipas.gob.mx\/itabec\/wp-json\/wp\/v2\/posts\/1467\/revisions"}],"predecessor-version":[{"id":1469,"href":"https:\/\/www.tamaulipas.gob.mx\/itabec\/wp-json\/wp\/v2\/posts\/1467\/revisions\/1469"}],"wp:featuredmedia":[{"embeddable":true,"href":"https:\/\/www.tamaulipas.gob.mx\/itabec\/wp-json\/wp\/v2\/media\/1468"}],"wp:attachment":[{"href":"https:\/\/www.tamaulipas.gob.mx\/itabec\/wp-json\/wp\/v2\/media?parent=1467"}],"wp:term":[{"taxonomy":"category","embeddable":true,"href":"https:\/\/www.tamaulipas.gob.mx\/itabec\/wp-json\/wp\/v2\/categories?post=1467"},{"taxonomy":"post_tag","embeddable":true,"href":"https:\/\/www.tamaulipas.gob.mx\/itabec\/wp-json\/wp\/v2\/tags?post=1467"}],"curies":[{"name":"wp","href":"https:\/\/api.w.org\/{rel}","templated":true}]}}