{"id":1464,"date":"2025-08-07T09:00:16","date_gmt":"2025-08-07T15:00:16","guid":{"rendered":"https:\/\/www.tamaulipas.gob.mx\/itabec\/?p=1464"},"modified":"2025-08-27T15:06:54","modified_gmt":"2025-08-27T21:06:54","slug":"programa-de-becas-de-cooperacion-sur-sur-republica-de-chile-convocatoria-ano-2026","status":"publish","type":"post","link":"https:\/\/www.tamaulipas.gob.mx\/itabec\/2025\/08\/programa-de-becas-de-cooperacion-sur-sur-republica-de-chile-convocatoria-ano-2026\/","title":{"rendered":"Programa de Becas de Cooperaci\u00f3n Sur-Sur Rep\u00fablica de Chile, Convocatoria A\u00f1o 2026"},"content":{"rendered":"<p>1053-2025.<br \/>\nAgosto 07 de 2025,<br \/>\nCiudad Victoria, Tamaulipas.<\/p>\n<p>La Secretar\u00eda de Relaciones Exteriores y la Agencia Internacional de Cooperaci\u00f3n Internacional para el Desarrollo (AMEXCID) realiza el Programa de Becas de Cooperaci\u00f3n Sur-Sur Rep\u00fablica de Chile, Convocatoria A\u00f1o 2026, que busca contribuir a la formaci\u00f3n de capital humano avanzado, a trav\u00e9s de la participaci\u00f3n de profesionales latinoamericanos y del Caribe en programas de Mag\u00edster, impartidos por Universidades o instituciones de educaci\u00f3n superior chilena, acreditadas con un alto nivel de excelencia.<\/p>\n<p>Conoce todos los detalles de la Convocatoria en las siguientes ligas:<\/p>\n<p><a href=\"https:\/\/www.tamaulipas.gob.mx\/educacion\/convocatoria\/programa-becas-cooperacion-sur-sur-republica-de-chile\/\" target=\"_blank\" rel=\"noopener\">https:\/\/www.tamaulipas.gob.mx\/educacion\/convocatoria\/programa-becas-cooperacion-sur-sur-republica-de-chile\/<\/a><\/p>\n<p><a href=\"https:\/\/www.gob.mx\/amexcid\/documentos\/programa-de-becas-de-la-cooperacion-sur-sur-republica-de-chile-convocatoria-ano-2026\" target=\"_blank\" rel=\"noopener\">https:\/\/www.gob.mx\/amexcid\/documentos\/programa-de-becas-de-la-cooperacion-sur-sur-republica-de-chile-convocatoria-ano-2026<\/a><\/p>\n<hr \/>\n<p>S\u00edguenos en nuestro canal de WhatsApp, para m\u00e1s informaci\u00f3n como esta, en:<br \/>\n<a href=\"https:\/\/whatsapp.com\/channel\/0029VaKEoUA0wajpItFxuV3N\" target=\"_blank\" rel=\"noopener\">https:\/\/whatsapp.com\/channel\/0029VaKEoUA0wajpItFxuV3N<\/a><\/p>\n","protected":false},"excerpt":{"rendered":"<p>1053-2025. Agosto 07 de 2025, Ciudad Victoria, Tamaulipas. La Secretar\u00eda de Relaciones Exteriores y la Agencia Internacional de Cooperaci\u00f3n Internacional para el Desarrollo (AMEXCID) realiza\u2026<\/p>\n","protected":false},"author":460,"featured_media":1465,"comment_status":"closed","ping_status":"closed","sticky":false,"template":"","format":"standard","meta":{"footnotes":""},"categories":[1],"tags":[],"class_list":["post-1464","post","type-post","status-publish","format-standard","has-post-thumbnail","hentry","category-prensa"],"publishpress_future_action":{"enabled":false,"date":"2026-05-05 09:15:38","action":"change-status","newStatus":"draft","terms":[],"taxonomy":"category"},"_links":{"self":[{"href":"https:\/\/www.tamaulipas.gob.mx\/itabec\/wp-json\/wp\/v2\/posts\/1464"}],"collection":[{"href":"https:\/\/www.tamaulipas.gob.mx\/itabec\/wp-json\/wp\/v2\/posts"}],"about":[{"href":"https:\/\/www.tamaulipas.gob.mx\/itabec\/wp-json\/wp\/v2\/types\/post"}],"author":[{"embeddable":true,"href":"https:\/\/www.tamaulipas.gob.mx\/itabec\/wp-json\/wp\/v2\/users\/460"}],"replies":[{"embeddable":true,"href":"https:\/\/www.tamaulipas.gob.mx\/itabec\/wp-json\/wp\/v2\/comments?post=1464"}],"version-history":[{"count":1,"href":"https:\/\/www.tamaulipas.gob.mx\/itabec\/wp-json\/wp\/v2\/posts\/1464\/revisions"}],"predecessor-version":[{"id":1466,"href":"https:\/\/www.tamaulipas.gob.mx\/itabec\/wp-json\/wp\/v2\/posts\/1464\/revisions\/1466"}],"wp:featuredmedia":[{"embeddable":true,"href":"https:\/\/www.tamaulipas.gob.mx\/itabec\/wp-json\/wp\/v2\/media\/1465"}],"wp:attachment":[{"href":"https:\/\/www.tamaulipas.gob.mx\/itabec\/wp-json\/wp\/v2\/media?parent=1464"}],"wp:term":[{"taxonomy":"category","embeddable":true,"href":"https:\/\/www.tamaulipas.gob.mx\/itabec\/wp-json\/wp\/v2\/categories?post=1464"},{"taxonomy":"post_tag","embeddable":true,"href":"https:\/\/www.tamaulipas.gob.mx\/itabec\/wp-json\/wp\/v2\/tags?post=1464"}],"curies":[{"name":"wp","href":"https:\/\/api.w.org\/{rel}","templated":true}]}}