{"id":1458,"date":"2025-08-08T10:00:45","date_gmt":"2025-08-08T16:00:45","guid":{"rendered":"https:\/\/www.tamaulipas.gob.mx\/itabec\/?p=1458"},"modified":"2025-08-27T15:04:51","modified_gmt":"2025-08-27T21:04:51","slug":"video-paquetes-de-utiles-escolares-primaria-4-o-a-6-o-grado","status":"publish","type":"post","link":"https:\/\/www.tamaulipas.gob.mx\/itabec\/2025\/08\/video-paquetes-de-utiles-escolares-primaria-4-o-a-6-o-grado\/","title":{"rendered":"Video: Paquetes de \u00datiles Escolares \u2013 Primaria 4.\u00ba a 6.\u00ba grado"},"content":{"rendered":"<p>1060-2025.<br \/>\nAgosto 08 de 2025,<br \/>\nCiudad Victoria, Tamaulipas.<\/p>\n<p>Te presentamos la lista de los \u00fatiles escolares que el Gobierno del Estado de Tamaulipas entregar\u00e1 a las ni\u00f1as, ni\u00f1os y adolescentes de escuelas p\u00fablicas para el ciclo escolar 2025-2026.<\/p>\n<p>Estos apoyos representan una ayuda a la econom\u00eda familiar y garantizan una mayor equidad en el acceso a la educaci\u00f3n de las y los estudiantes de Tamaulipas.<\/p>\n<p>Gracias a esta pol\u00edtica educativa, el gobierno del Estado, bajo el liderazgo del gobernador Am\u00e9rico Villarreal Anaya, fortalece la transformaci\u00f3n y el bienestar de las familias tamaulipecas.<\/p>\n<p>Juntos y trabajando en equipo, el humanismo es el motor de la transformaci\u00f3n educativa.<\/p>\n<p>Video:\u00a0<a href=\"https:\/\/www.facebook.com\/share\/v\/1ax9ngEbam\/\" target=\"_blank\" rel=\"noopener\">https:\/\/www.facebook.com\/share\/v\/1ax9ngEbam\/<\/a><\/p>\n<hr \/>\n<p>S\u00edguenos en nuestro canal de WhatsApp, para m\u00e1s informaci\u00f3n como esta, en:<br \/>\n<a href=\"https:\/\/whatsapp.com\/channel\/0029VaKEoUA0wajpItFxuV3N\" target=\"_blank\" rel=\"noopener\">https:\/\/whatsapp.com\/channel\/0029VaKEoUA0wajpItFxuV3N<\/a><\/p>\n","protected":false},"excerpt":{"rendered":"<p>1060-2025. Agosto 08 de 2025, Ciudad Victoria, Tamaulipas. Te presentamos la lista de los \u00fatiles escolares que el Gobierno del Estado de Tamaulipas entregar\u00e1 a\u2026<\/p>\n","protected":false},"author":460,"featured_media":1459,"comment_status":"closed","ping_status":"closed","sticky":false,"template":"","format":"standard","meta":{"footnotes":""},"categories":[1],"tags":[],"class_list":["post-1458","post","type-post","status-publish","format-standard","has-post-thumbnail","hentry","category-prensa"],"publishpress_future_action":{"enabled":false,"date":"2026-05-05 09:00:14","action":"change-status","newStatus":"draft","terms":[],"taxonomy":"category"},"_links":{"self":[{"href":"https:\/\/www.tamaulipas.gob.mx\/itabec\/wp-json\/wp\/v2\/posts\/1458"}],"collection":[{"href":"https:\/\/www.tamaulipas.gob.mx\/itabec\/wp-json\/wp\/v2\/posts"}],"about":[{"href":"https:\/\/www.tamaulipas.gob.mx\/itabec\/wp-json\/wp\/v2\/types\/post"}],"author":[{"embeddable":true,"href":"https:\/\/www.tamaulipas.gob.mx\/itabec\/wp-json\/wp\/v2\/users\/460"}],"replies":[{"embeddable":true,"href":"https:\/\/www.tamaulipas.gob.mx\/itabec\/wp-json\/wp\/v2\/comments?post=1458"}],"version-history":[{"count":1,"href":"https:\/\/www.tamaulipas.gob.mx\/itabec\/wp-json\/wp\/v2\/posts\/1458\/revisions"}],"predecessor-version":[{"id":1460,"href":"https:\/\/www.tamaulipas.gob.mx\/itabec\/wp-json\/wp\/v2\/posts\/1458\/revisions\/1460"}],"wp:featuredmedia":[{"embeddable":true,"href":"https:\/\/www.tamaulipas.gob.mx\/itabec\/wp-json\/wp\/v2\/media\/1459"}],"wp:attachment":[{"href":"https:\/\/www.tamaulipas.gob.mx\/itabec\/wp-json\/wp\/v2\/media?parent=1458"}],"wp:term":[{"taxonomy":"category","embeddable":true,"href":"https:\/\/www.tamaulipas.gob.mx\/itabec\/wp-json\/wp\/v2\/categories?post=1458"},{"taxonomy":"post_tag","embeddable":true,"href":"https:\/\/www.tamaulipas.gob.mx\/itabec\/wp-json\/wp\/v2\/tags?post=1458"}],"curies":[{"name":"wp","href":"https:\/\/api.w.org\/{rel}","templated":true}]}}