{"id":1454,"date":"2025-08-09T15:01:46","date_gmt":"2025-08-09T21:01:46","guid":{"rendered":"https:\/\/www.tamaulipas.gob.mx\/itabec\/?p=1454"},"modified":"2025-08-27T15:03:29","modified_gmt":"2025-08-27T21:03:29","slug":"paquete-de-utiles-escolares-para-secundaria","status":"publish","type":"post","link":"https:\/\/www.tamaulipas.gob.mx\/itabec\/2025\/08\/paquete-de-utiles-escolares-para-secundaria\/","title":{"rendered":"Paquete de \u00fatiles escolares para Secundaria"},"content":{"rendered":"<p>&nbsp;<\/p>\n<p>1065-2025.<br \/>\nAgosto 09 de 2025,<br \/>\nCiudad Victoria, Tamaulipas.<\/p>\n<p>Te presentamos la lista de los \u00fatiles escolares que el Gobierno del Estado de Tamaulipas entregar\u00e1 a las ni\u00f1as, ni\u00f1os y adolescentes de escuelas p\u00fablicas para el ciclo escolar 2025-2026.<\/p>\n<p>Estos apoyos representan una ayuda a la econom\u00eda familiar y garantizan una mayor equidad en el acceso a la educaci\u00f3n de las y los estudiantes de Tamaulipas.<\/p>\n<p>Gracias a esta pol\u00edtica educativa, el gobierno del Estado, bajo el liderazgo del gobernador Am\u00e9rico Villarreal Anaya, fortalece la transformaci\u00f3n y el bienestar de las familias tamaulipecas.<\/p>\n<p>Juntos y trabajando en equipo, el humanismo es el motor de la transformaci\u00f3n educativa.<\/p>\n<p><a href=\"https:\/\/fb.watch\/BoI0MHNqj7\/\" target=\"_blank\" rel=\"noopener\">https:\/\/fb.watch\/BoI0MHNqj7\/<\/a><\/p>\n","protected":false},"excerpt":{"rendered":"<p>&nbsp; 1065-2025. Agosto 09 de 2025, Ciudad Victoria, Tamaulipas. Te presentamos la lista de los \u00fatiles escolares que el Gobierno del Estado de Tamaulipas entregar\u00e1\u2026<\/p>\n","protected":false},"author":460,"featured_media":1455,"comment_status":"closed","ping_status":"closed","sticky":false,"template":"","format":"standard","meta":{"footnotes":""},"categories":[1],"tags":[],"class_list":["post-1454","post","type-post","status-publish","format-standard","has-post-thumbnail","hentry","category-prensa"],"publishpress_future_action":{"enabled":false,"date":"2026-05-05 09:15:44","action":"change-status","newStatus":"draft","terms":[],"taxonomy":"category"},"_links":{"self":[{"href":"https:\/\/www.tamaulipas.gob.mx\/itabec\/wp-json\/wp\/v2\/posts\/1454"}],"collection":[{"href":"https:\/\/www.tamaulipas.gob.mx\/itabec\/wp-json\/wp\/v2\/posts"}],"about":[{"href":"https:\/\/www.tamaulipas.gob.mx\/itabec\/wp-json\/wp\/v2\/types\/post"}],"author":[{"embeddable":true,"href":"https:\/\/www.tamaulipas.gob.mx\/itabec\/wp-json\/wp\/v2\/users\/460"}],"replies":[{"embeddable":true,"href":"https:\/\/www.tamaulipas.gob.mx\/itabec\/wp-json\/wp\/v2\/comments?post=1454"}],"version-history":[{"count":2,"href":"https:\/\/www.tamaulipas.gob.mx\/itabec\/wp-json\/wp\/v2\/posts\/1454\/revisions"}],"predecessor-version":[{"id":1457,"href":"https:\/\/www.tamaulipas.gob.mx\/itabec\/wp-json\/wp\/v2\/posts\/1454\/revisions\/1457"}],"wp:featuredmedia":[{"embeddable":true,"href":"https:\/\/www.tamaulipas.gob.mx\/itabec\/wp-json\/wp\/v2\/media\/1455"}],"wp:attachment":[{"href":"https:\/\/www.tamaulipas.gob.mx\/itabec\/wp-json\/wp\/v2\/media?parent=1454"}],"wp:term":[{"taxonomy":"category","embeddable":true,"href":"https:\/\/www.tamaulipas.gob.mx\/itabec\/wp-json\/wp\/v2\/categories?post=1454"},{"taxonomy":"post_tag","embeddable":true,"href":"https:\/\/www.tamaulipas.gob.mx\/itabec\/wp-json\/wp\/v2\/tags?post=1454"}],"curies":[{"name":"wp","href":"https:\/\/api.w.org\/{rel}","templated":true}]}}