{"id":1451,"date":"2025-08-08T12:00:36","date_gmt":"2025-08-08T18:00:36","guid":{"rendered":"https:\/\/www.tamaulipas.gob.mx\/itabec\/?p=1451"},"modified":"2025-08-27T15:01:31","modified_gmt":"2025-08-27T21:01:31","slug":"calendario-escolar-2025-2026-de-la-educacion-normal-2","status":"publish","type":"post","link":"https:\/\/www.tamaulipas.gob.mx\/itabec\/2025\/08\/calendario-escolar-2025-2026-de-la-educacion-normal-2\/","title":{"rendered":"Calendario Escolar 2025-2026 de la Educaci\u00f3n Normal"},"content":{"rendered":"<p><img decoding=\"async\" src=\"https:\/\/www.tamaulipas.gob.mx\/educacion\/wp-content\/uploads\/sites\/3\/2025\/07\/banner-calendario-escolar-2025-2026-de-educacion-basica-850x500.jpg\" \/><\/p>\n<p>1059-2025.<br \/>\nAgosto 08 de 2025,<br \/>\nCiudad Victoria, Tamaulipas.<\/p>\n<p>El Gobierno del Estado, a trav\u00e9s de la Secretar\u00eda de Educaci\u00f3n de Tamaulipas, pone a disposici\u00f3n para su consulta y descarga el Calendario Escolar 2025-2026 de la Educaci\u00f3n B\u00e1sica, vigente para las escuelas p\u00fablicas y particulares incorporadas al Sistema Educativo del Estado de Tamaulipas.<\/p>\n<p>Cons\u00faltalo en:<\/p>\n<p><a href=\"https:\/\/www.tamaulipas.gob.mx\/educacion\/calendario-basica-2025-2026\/\" target=\"_blank\" rel=\"noopener\">https:\/\/www.tamaulipas.gob.mx\/educacion\/calendario-basica-2025-2026\/<\/a><\/p>\n<hr \/>\n<p>S\u00edguenos en nuestro canal de WhatsApp, para m\u00e1s informaci\u00f3n como esta, en:<br \/>\n<a href=\"https:\/\/whatsapp.com\/channel\/0029VaKEoUA0wajpItFxuV3N\" target=\"_blank\" rel=\"noopener\">https:\/\/whatsapp.com\/channel\/0029VaKEoUA0wajpItFxuV3N<\/a><\/p>\n","protected":false},"excerpt":{"rendered":"<p>1059-2025. Agosto 08 de 2025, Ciudad Victoria, Tamaulipas. El Gobierno del Estado, a trav\u00e9s de la Secretar\u00eda de Educaci\u00f3n de Tamaulipas, pone a disposici\u00f3n para\u2026<\/p>\n","protected":false},"author":460,"featured_media":1452,"comment_status":"closed","ping_status":"closed","sticky":false,"template":"","format":"standard","meta":{"footnotes":""},"categories":[1],"tags":[],"class_list":["post-1451","post","type-post","status-publish","format-standard","has-post-thumbnail","hentry","category-prensa"],"publishpress_future_action":{"enabled":false,"date":"2026-05-05 09:00:24","action":"change-status","newStatus":"draft","terms":[],"taxonomy":"category"},"_links":{"self":[{"href":"https:\/\/www.tamaulipas.gob.mx\/itabec\/wp-json\/wp\/v2\/posts\/1451"}],"collection":[{"href":"https:\/\/www.tamaulipas.gob.mx\/itabec\/wp-json\/wp\/v2\/posts"}],"about":[{"href":"https:\/\/www.tamaulipas.gob.mx\/itabec\/wp-json\/wp\/v2\/types\/post"}],"author":[{"embeddable":true,"href":"https:\/\/www.tamaulipas.gob.mx\/itabec\/wp-json\/wp\/v2\/users\/460"}],"replies":[{"embeddable":true,"href":"https:\/\/www.tamaulipas.gob.mx\/itabec\/wp-json\/wp\/v2\/comments?post=1451"}],"version-history":[{"count":1,"href":"https:\/\/www.tamaulipas.gob.mx\/itabec\/wp-json\/wp\/v2\/posts\/1451\/revisions"}],"predecessor-version":[{"id":1453,"href":"https:\/\/www.tamaulipas.gob.mx\/itabec\/wp-json\/wp\/v2\/posts\/1451\/revisions\/1453"}],"wp:featuredmedia":[{"embeddable":true,"href":"https:\/\/www.tamaulipas.gob.mx\/itabec\/wp-json\/wp\/v2\/media\/1452"}],"wp:attachment":[{"href":"https:\/\/www.tamaulipas.gob.mx\/itabec\/wp-json\/wp\/v2\/media?parent=1451"}],"wp:term":[{"taxonomy":"category","embeddable":true,"href":"https:\/\/www.tamaulipas.gob.mx\/itabec\/wp-json\/wp\/v2\/categories?post=1451"},{"taxonomy":"post_tag","embeddable":true,"href":"https:\/\/www.tamaulipas.gob.mx\/itabec\/wp-json\/wp\/v2\/tags?post=1451"}],"curies":[{"name":"wp","href":"https:\/\/api.w.org\/{rel}","templated":true}]}}