{"id":1442,"date":"2025-08-11T11:00:24","date_gmt":"2025-08-11T17:00:24","guid":{"rendered":"https:\/\/www.tamaulipas.gob.mx\/itabec\/?p=1442"},"modified":"2025-08-27T13:39:14","modified_gmt":"2025-08-27T19:39:14","slug":"beca-transformacion-avanza-para-el-ciclo-escolar-2025-2026","status":"publish","type":"post","link":"https:\/\/www.tamaulipas.gob.mx\/itabec\/2025\/08\/beca-transformacion-avanza-para-el-ciclo-escolar-2025-2026\/","title":{"rendered":"Beca Transformaci\u00f3n \u201cAvanza\u201d, para el ciclo escolar 2025-2026"},"content":{"rendered":"<p><img decoding=\"async\" src=\"https:\/\/www.tamaulipas.gob.mx\/educacion\/wp-content\/uploads\/sites\/3\/2025\/07\/banner-beca-avanza-25-26-850x500.png\" \/><\/p>\n<p>1072-2025.<br \/>\nAgosto 11 de 2025,<br \/>\nCiudad Victoria, Tamaulipas.<\/p>\n<p>El Gobierno del Estado de Tamaulipas a trav\u00e9s de la Secretar\u00eda de Educaci\u00f3n de Tamaulipas, invita a realizar el tr\u00e1mite de la Beca Transformaci\u00f3n \u201cAvanza\u201d, para el ciclo escolar 2025-2026, dirigida a estudiantes de Escuelas Particulares con Reconocimiento de Validez Oficial de Estudios en el Estado, en los niveles Inicial, Preescolar, Primaria, Secundaria, Media Superior y Superior.<\/p>\n<p>Consulta los criterios generales, la documentaci\u00f3n requerida para integrar el expediente y hacer el tr\u00e1mite, as\u00ed como para capturar la solicitud para el registro aqu\u00ed<\/p>\n<p><a href=\"https:\/\/www.tamaulipas.gob.mx\/educacion\/convocatoria\/beca-transformacion-avanza-2025-2026\/\" target=\"_blank\" rel=\"noopener\">https:\/\/www.tamaulipas.gob.mx\/educacion\/convocatoria\/beca-transformacion-avanza-2025-2026\/<\/a><\/p>\n<p>Contin\u00faa el proceso para realizar el tr\u00e1mite, teniendo como fecha l\u00edmite el 25 de agosto de 2025.<\/p>\n<p>Juntos y trabajando en equipo, en Tamaulipas el humanismo es el motor de la transformaci\u00f3n educativa.<\/p>\n<hr \/>\n<p>S\u00edguenos en nuestro canal de WhatsApp, para m\u00e1s informaci\u00f3n como esta, en:<br \/>\n<a href=\"https:\/\/whatsapp.com\/channel\/0029VaKEoUA0wajpItFxuV3N\" target=\"_blank\" rel=\"noopener\">https:\/\/whatsapp.com\/channel\/0029VaKEoUA0wajpItFxuV3N<\/a><\/p>\n","protected":false},"excerpt":{"rendered":"<p>1072-2025. Agosto 11 de 2025, Ciudad Victoria, Tamaulipas. El Gobierno del Estado de Tamaulipas a trav\u00e9s de la Secretar\u00eda de Educaci\u00f3n de Tamaulipas, invita a\u2026<\/p>\n","protected":false},"author":460,"featured_media":1443,"comment_status":"closed","ping_status":"closed","sticky":false,"template":"","format":"standard","meta":{"footnotes":""},"categories":[1],"tags":[],"class_list":["post-1442","post","type-post","status-publish","format-standard","has-post-thumbnail","hentry","category-prensa"],"publishpress_future_action":{"enabled":false,"date":"2026-05-05 07:14:31","action":"change-status","newStatus":"draft","terms":[],"taxonomy":"category"},"_links":{"self":[{"href":"https:\/\/www.tamaulipas.gob.mx\/itabec\/wp-json\/wp\/v2\/posts\/1442"}],"collection":[{"href":"https:\/\/www.tamaulipas.gob.mx\/itabec\/wp-json\/wp\/v2\/posts"}],"about":[{"href":"https:\/\/www.tamaulipas.gob.mx\/itabec\/wp-json\/wp\/v2\/types\/post"}],"author":[{"embeddable":true,"href":"https:\/\/www.tamaulipas.gob.mx\/itabec\/wp-json\/wp\/v2\/users\/460"}],"replies":[{"embeddable":true,"href":"https:\/\/www.tamaulipas.gob.mx\/itabec\/wp-json\/wp\/v2\/comments?post=1442"}],"version-history":[{"count":1,"href":"https:\/\/www.tamaulipas.gob.mx\/itabec\/wp-json\/wp\/v2\/posts\/1442\/revisions"}],"predecessor-version":[{"id":1444,"href":"https:\/\/www.tamaulipas.gob.mx\/itabec\/wp-json\/wp\/v2\/posts\/1442\/revisions\/1444"}],"wp:featuredmedia":[{"embeddable":true,"href":"https:\/\/www.tamaulipas.gob.mx\/itabec\/wp-json\/wp\/v2\/media\/1443"}],"wp:attachment":[{"href":"https:\/\/www.tamaulipas.gob.mx\/itabec\/wp-json\/wp\/v2\/media?parent=1442"}],"wp:term":[{"taxonomy":"category","embeddable":true,"href":"https:\/\/www.tamaulipas.gob.mx\/itabec\/wp-json\/wp\/v2\/categories?post=1442"},{"taxonomy":"post_tag","embeddable":true,"href":"https:\/\/www.tamaulipas.gob.mx\/itabec\/wp-json\/wp\/v2\/tags?post=1442"}],"curies":[{"name":"wp","href":"https:\/\/api.w.org\/{rel}","templated":true}]}}