{"id":1437,"date":"2025-08-12T08:00:11","date_gmt":"2025-08-12T14:00:11","guid":{"rendered":"https:\/\/www.tamaulipas.gob.mx\/itabec\/?p=1437"},"modified":"2025-08-27T13:31:41","modified_gmt":"2025-08-27T19:31:41","slug":"efemeride-dia-internacional-de-la-juventud","status":"publish","type":"post","link":"https:\/\/www.tamaulipas.gob.mx\/itabec\/2025\/08\/efemeride-dia-internacional-de-la-juventud\/","title":{"rendered":"Efem\u00e9ride \u2013 D\u00eda Internacional de la Juventud"},"content":{"rendered":"<p><a href=\"https:\/\/www.tamaulipas.gob.mx\/educacion\/wp-content\/uploads\/sites\/3\/2025\/08\/banner-efemeride-dia-internacional-de-la-juventud-850x500.jpeg\"><img loading=\"lazy\" decoding=\"async\" class=\"alignnone\" src=\"https:\/\/www.tamaulipas.gob.mx\/educacion\/wp-content\/uploads\/sites\/3\/2025\/08\/banner-efemeride-dia-internacional-de-la-juventud-850x500.jpeg\" alt=\"Banner Efem\u00e9ride 12 Agosto\" width=\"850\" height=\"500\" \/><\/a><\/p>\n<p>1077-2025.<br \/>\nAgosto 12 de 2025,<br \/>\nCiudad Victoria, Tamaulipas.<\/p>\n<p>Esta fecha se promueve por la Organizaci\u00f3n de las Naciones Unidas (ONU) para impulsar la participaci\u00f3n de las y los j\u00f3venes en todos los \u00e1mbitos de la sociedad; en 2025 el lema es \u201cAcciones juveniles locales por los Objetivos de Desarrollo Sostenible (ODS) y m\u00e1s all\u00e1\u00bb, resaltando la importancia de la participaci\u00f3n de la juventud para transformar las metas globales en acciones locales de las comunidades.<\/p>\n<p>&nbsp;<\/p>\n<hr \/>\n<p>S\u00edguenos en nuestro canal de WhatsApp, para m\u00e1s informaci\u00f3n como esta, en:<br \/>\n<a href=\"https:\/\/whatsapp.com\/channel\/0029VaKEoUA0wajpItFxuV3N\" target=\"_blank\" rel=\"noopener\">https:\/\/whatsapp.com\/channel\/0029VaKEoUA0wajpItFxuV3N<\/a><\/p>\n","protected":false},"excerpt":{"rendered":"<p>1077-2025. Agosto 12 de 2025, Ciudad Victoria, Tamaulipas. Esta fecha se promueve por la Organizaci\u00f3n de las Naciones Unidas (ONU) para impulsar la participaci\u00f3n de\u2026<\/p>\n","protected":false},"author":460,"featured_media":1440,"comment_status":"closed","ping_status":"closed","sticky":false,"template":"","format":"standard","meta":{"footnotes":""},"categories":[1],"tags":[],"class_list":["post-1437","post","type-post","status-publish","format-standard","has-post-thumbnail","hentry","category-prensa"],"publishpress_future_action":{"enabled":false,"date":"2026-05-05 08:40:47","action":"change-status","newStatus":"draft","terms":[],"taxonomy":"category"},"_links":{"self":[{"href":"https:\/\/www.tamaulipas.gob.mx\/itabec\/wp-json\/wp\/v2\/posts\/1437"}],"collection":[{"href":"https:\/\/www.tamaulipas.gob.mx\/itabec\/wp-json\/wp\/v2\/posts"}],"about":[{"href":"https:\/\/www.tamaulipas.gob.mx\/itabec\/wp-json\/wp\/v2\/types\/post"}],"author":[{"embeddable":true,"href":"https:\/\/www.tamaulipas.gob.mx\/itabec\/wp-json\/wp\/v2\/users\/460"}],"replies":[{"embeddable":true,"href":"https:\/\/www.tamaulipas.gob.mx\/itabec\/wp-json\/wp\/v2\/comments?post=1437"}],"version-history":[{"count":3,"href":"https:\/\/www.tamaulipas.gob.mx\/itabec\/wp-json\/wp\/v2\/posts\/1437\/revisions"}],"predecessor-version":[{"id":1441,"href":"https:\/\/www.tamaulipas.gob.mx\/itabec\/wp-json\/wp\/v2\/posts\/1437\/revisions\/1441"}],"wp:featuredmedia":[{"embeddable":true,"href":"https:\/\/www.tamaulipas.gob.mx\/itabec\/wp-json\/wp\/v2\/media\/1440"}],"wp:attachment":[{"href":"https:\/\/www.tamaulipas.gob.mx\/itabec\/wp-json\/wp\/v2\/media?parent=1437"}],"wp:term":[{"taxonomy":"category","embeddable":true,"href":"https:\/\/www.tamaulipas.gob.mx\/itabec\/wp-json\/wp\/v2\/categories?post=1437"},{"taxonomy":"post_tag","embeddable":true,"href":"https:\/\/www.tamaulipas.gob.mx\/itabec\/wp-json\/wp\/v2\/tags?post=1437"}],"curies":[{"name":"wp","href":"https:\/\/api.w.org\/{rel}","templated":true}]}}