{"id":1285,"date":"2025-04-09T15:50:34","date_gmt":"2025-04-09T21:50:34","guid":{"rendered":"https:\/\/www.tamaulipas.gob.mx\/itabec\/?p=1285"},"modified":"2025-04-30T07:58:03","modified_gmt":"2025-04-30T13:58:03","slug":"itabec-realiza-una-reunion-oficial-con-las-oficinas-de-becas-para-el-bienestar","status":"publish","type":"post","link":"https:\/\/www.tamaulipas.gob.mx\/itabec\/2025\/04\/itabec-realiza-una-reunion-oficial-con-las-oficinas-de-becas-para-el-bienestar\/","title":{"rendered":"ITABEC realiza una reuni\u00f3n oficial con las oficinas de Becas para el Bienestar"},"content":{"rendered":"<div dir=\"auto\">El Dr. Juan Guillermo Mansur ARzola, Director de el ITABEC y su equipo de trabajo, asistieron hoy a las Oficinas de Becas para el Bienestar para realizar una reuni\u00f3n oficial, durante \u00e9sta se resalt\u00f3:<\/div>\n<blockquote>\n<div dir=\"auto\" style=\"text-align: justify;\">Estamos trabajando en colaboraci\u00f3n para que m\u00e1s tamaulipecos tengan un apoyo que les impulse en su educaci\u00f3n.<\/div>\n<\/blockquote>\n<div dir=\"auto\">Para el ITABEC y para la Coordinaci\u00f3n Nacional de Becas para el Biestar; lo m\u00e1s importantente es que cada ni\u00f1o y cada joven tenga oportunidad de ir a la escuela.<\/div>\n<p>&nbsp;<\/p>\n<div dir=\"auto\"><\/div>\n<div dir=\"auto\" style=\"text-align: justify;\">Los esfuerzos conjuntos<span class=\"html-span xdj266r x11i5rnm xat24cr x1mh8g0r xexx8yu x4uap5 x18d9i69 xkhd6sd x1hl2dhg x16tdsg8 x1vvkbs\"> de <a class=\"x1i10hfl xjbqb8w x1ejq31n xd10rxx x1sy0etr x17r0tee x972fbf xcfux6l x1qhh985 xm0m39n x9f619 x1ypdohk xt0psk2 xe8uvvx xdj266r x11i5rnm xat24cr x1mh8g0r xexx8yu x4uap5 x18d9i69 xkhd6sd x16tdsg8 x1hl2dhg xggy1nq x1a2a7pz xkrqix3 x1sur9pj x1fey0fg x1s688f\" tabindex=\"0\" role=\"link\" href=\"https:\/\/www.facebook.com\/JulioLeonT?__cft__[0]=AZWfZLXMeP8GSOH_rCYwmp2EK1s-ciN-PQhGUtbawDgv3nmwtn_pXmVBxhWWeyyJyJFpiUU7uvZWXEz-mIZJBN6ylcZblnCrFrywnNUaZtEfARiwRMkOUWLq8vAP-wvk31QqMzTWLm35MjDGRuDIfpSbJYiFYkiOimUwP0qHyAzY7AoBpGk2TZeNUSRMcgrDiPcb-TLqJOCxWlLiUdmydnDN8OmDr43O1IPlc1gZ1mCsOg&amp;__tn__=-]K-y-R\"><span class=\"xt0psk2\"><span class=\"xjp7ctv\">Julio Le\u00f3n<\/span><\/span><\/a><\/span>, Coordinador Nacional de Becas para el Bienestar, el <a href=\"https:\/\/www.facebook.com\/profile.php?id=61551020353547\">Dr. Juan Guillermo Mansur Arzola<\/a>, Director General de el <a href=\"https:\/\/www.facebook.com\/InstitutoTamaulipecodeBecas\">ITABEC<\/a>, y la federaci\u00f3n facilitan que la educaci\u00f3n sea un derecho que est\u00e9 al alcance de todas y todos.<\/div>\n<p>&nbsp;<\/p>\n<div dir=\"auto\"><\/div>\n<div dir=\"auto\" style=\"text-align: justify;\"><span class=\"html-span xdj266r x11i5rnm xat24cr x1mh8g0r xexx8yu x4uap5 x18d9i69 xkhd6sd x1hl2dhg x16tdsg8 x1vvkbs\"><a class=\"x1i10hfl xjbqb8w x1ejq31n xd10rxx x1sy0etr x17r0tee x972fbf xcfux6l x1qhh985 xm0m39n x9f619 x1ypdohk xt0psk2 xe8uvvx xdj266r x11i5rnm xat24cr x1mh8g0r xexx8yu x4uap5 x18d9i69 xkhd6sd x16tdsg8 x1hl2dhg xggy1nq x1a2a7pz xkrqix3 x1sur9pj x1fey0fg x1s688f\" tabindex=\"0\" role=\"link\" href=\"https:\/\/www.facebook.com\/hashtag\/laeducacionesunderecho?__eep__=6&amp;__cft__[0]=AZWfZLXMeP8GSOH_rCYwmp2EK1s-ciN-PQhGUtbawDgv3nmwtn_pXmVBxhWWeyyJyJFpiUU7uvZWXEz-mIZJBN6ylcZblnCrFrywnNUaZtEfARiwRMkOUWLq8vAP-wvk31QqMzTWLm35MjDGRuDIfpSbJYiFYkiOimUwP0qHyAzY7AoBpGk2TZeNUSRMcgrDiPcb-TLqJOCxWlLiUdmydnDN8OmDr43O1IPlc1gZ1mCsOg&amp;__tn__=*NK-y-R\">#LaEducacionEsUnDerecho<\/a><\/span><\/div>\n<div dir=\"auto\" style=\"text-align: justify;\"><span class=\"html-span xdj266r x11i5rnm xat24cr x1mh8g0r xexx8yu x4uap5 x18d9i69 xkhd6sd x1hl2dhg x16tdsg8 x1vvkbs\"><a class=\"x1i10hfl xjbqb8w x1ejq31n xd10rxx x1sy0etr x17r0tee x972fbf xcfux6l x1qhh985 xm0m39n x9f619 x1ypdohk xt0psk2 xe8uvvx xdj266r x11i5rnm xat24cr x1mh8g0r xexx8yu x4uap5 x18d9i69 xkhd6sd x16tdsg8 x1hl2dhg xggy1nq x1a2a7pz xkrqix3 x1sur9pj x1fey0fg x1s688f\" tabindex=\"0\" role=\"link\" href=\"https:\/\/www.facebook.com\/hashtag\/laeducaciontransforma?__eep__=6&amp;__cft__[0]=AZWfZLXMeP8GSOH_rCYwmp2EK1s-ciN-PQhGUtbawDgv3nmwtn_pXmVBxhWWeyyJyJFpiUU7uvZWXEz-mIZJBN6ylcZblnCrFrywnNUaZtEfARiwRMkOUWLq8vAP-wvk31QqMzTWLm35MjDGRuDIfpSbJYiFYkiOimUwP0qHyAzY7AoBpGk2TZeNUSRMcgrDiPcb-TLqJOCxWlLiUdmydnDN8OmDr43O1IPlc1gZ1mCsOg&amp;__tn__=*NK-y-R\">#LaEducacionTransforma<\/a><\/span><\/div>\n<div dir=\"auto\" style=\"text-align: center;\"><\/div>\n<div class='owl-gallery'><div class='item'><a href='https:\/\/www.tamaulipas.gob.mx\/itabec\/wp-content\/uploads\/sites\/23\/2025\/04\/489951759_122124340550790783_766293388221835927_n.jpg' rel='galeria'><img src='https:\/\/www.tamaulipas.gob.mx\/itabec\/wp-content\/uploads\/sites\/23\/2025\/04\/489951759_122124340550790783_766293388221835927_n-850x500.jpg' srcset='' sizes='auto' alt=''><\/a><figcaption><\/figcaption><\/div><div class='item'><a href='https:\/\/www.tamaulipas.gob.mx\/itabec\/wp-content\/uploads\/sites\/23\/2025\/04\/490473768_122124340430790783_144341355645173113_n.jpg' rel='galeria'><img src='https:\/\/www.tamaulipas.gob.mx\/itabec\/wp-content\/uploads\/sites\/23\/2025\/04\/490473768_122124340430790783_144341355645173113_n-850x500.jpg' srcset='' sizes='auto' alt=''><\/a><figcaption><\/figcaption><\/div><div class='item'><a href='https:\/\/www.tamaulipas.gob.mx\/itabec\/wp-content\/uploads\/sites\/23\/2025\/04\/490247314_122124340610790783_3973842016093007123_n.jpg' rel='galeria'><img src='https:\/\/www.tamaulipas.gob.mx\/itabec\/wp-content\/uploads\/sites\/23\/2025\/04\/490247314_122124340610790783_3973842016093007123_n-850x500.jpg' srcset='' sizes='auto' alt=''><\/a><figcaption><\/figcaption><\/div><\/div>\n","protected":false},"excerpt":{"rendered":"<p>El Dr. Juan Guillermo Mansur ARzola, Director de el ITABEC y su equipo de trabajo, asistieron hoy a las Oficinas de Becas para el Bienestar\u2026<\/p>\n","protected":false},"author":460,"featured_media":1288,"comment_status":"closed","ping_status":"closed","sticky":false,"template":"","format":"standard","meta":{"footnotes":""},"categories":[1],"tags":[],"class_list":["post-1285","post","type-post","status-publish","format-standard","has-post-thumbnail","hentry","category-prensa"],"publishpress_future_action":{"enabled":false,"date":"2026-05-05 08:59:16","action":"change-status","newStatus":"draft","terms":[],"taxonomy":"category"},"_links":{"self":[{"href":"https:\/\/www.tamaulipas.gob.mx\/itabec\/wp-json\/wp\/v2\/posts\/1285"}],"collection":[{"href":"https:\/\/www.tamaulipas.gob.mx\/itabec\/wp-json\/wp\/v2\/posts"}],"about":[{"href":"https:\/\/www.tamaulipas.gob.mx\/itabec\/wp-json\/wp\/v2\/types\/post"}],"author":[{"embeddable":true,"href":"https:\/\/www.tamaulipas.gob.mx\/itabec\/wp-json\/wp\/v2\/users\/460"}],"replies":[{"embeddable":true,"href":"https:\/\/www.tamaulipas.gob.mx\/itabec\/wp-json\/wp\/v2\/comments?post=1285"}],"version-history":[{"count":24,"href":"https:\/\/www.tamaulipas.gob.mx\/itabec\/wp-json\/wp\/v2\/posts\/1285\/revisions"}],"predecessor-version":[{"id":1368,"href":"https:\/\/www.tamaulipas.gob.mx\/itabec\/wp-json\/wp\/v2\/posts\/1285\/revisions\/1368"}],"wp:featuredmedia":[{"embeddable":true,"href":"https:\/\/www.tamaulipas.gob.mx\/itabec\/wp-json\/wp\/v2\/media\/1288"}],"wp:attachment":[{"href":"https:\/\/www.tamaulipas.gob.mx\/itabec\/wp-json\/wp\/v2\/media?parent=1285"}],"wp:term":[{"taxonomy":"category","embeddable":true,"href":"https:\/\/www.tamaulipas.gob.mx\/itabec\/wp-json\/wp\/v2\/categories?post=1285"},{"taxonomy":"post_tag","embeddable":true,"href":"https:\/\/www.tamaulipas.gob.mx\/itabec\/wp-json\/wp\/v2\/tags?post=1285"}],"curies":[{"name":"wp","href":"https:\/\/api.w.org\/{rel}","templated":true}]}}