{"id":1251,"date":"2025-02-28T12:31:29","date_gmt":"2025-02-28T18:31:29","guid":{"rendered":"https:\/\/www.tamaulipas.gob.mx\/itabec\/?p=1251"},"modified":"2025-03-21T12:38:28","modified_gmt":"2025-03-21T18:38:28","slug":"entrega-el-gobierno-del-estado-estimulos-a-estudiantes-con-talento","status":"publish","type":"post","link":"https:\/\/www.tamaulipas.gob.mx\/itabec\/2025\/02\/entrega-el-gobierno-del-estado-estimulos-a-estudiantes-con-talento\/","title":{"rendered":"Entrega el Gobierno del Estado Est\u00edmulos a Estudiantes con Talento."},"content":{"rendered":"<p>En representaci\u00f3n del gobernador de Tamaulipas, Am\u00e9rico Villarreal Anaya, la titular de la Secretar\u00eda de Educaci\u00f3n en el estado, Luc\u00eda Aim\u00e9 Castillo Pastor, hizo entrega, por primera vez, de los cheques del programa \u00ab4T Talento y Trabajo Transformando Tamaulipas\u00bb a estudiantes con talento acad\u00e9mico, deportivo, cultural, c\u00edvico o emprendedor que hayan obtenido un reconocimiento dentro de los tres primeros lugares a nivel estatal, regional, nacional o internacional.<\/p>\n<p>La secretaria de Educaci\u00f3n en Tamaulipas dijo que se estar\u00e1n entregando un total de 655 est\u00edmulos, lo que representa una inversi\u00f3n de dos millones doscientos ochenta mil pesos, para reconocer y potenciar el talento de las y los estudiantes del estado.<\/p>\n<p>Dijo que estas medidas son un reflejo del compromiso del gobierno estatal con la educaci\u00f3n integral y la formaci\u00f3n de ciudadanos con capacidades competitivas y valores s\u00f3lidos.<\/p>\n<p>Con el programa, se busca fortalecer la identidad y el orgullo tamaulipeco al destacar el potencial de su juventud. Adem\u00e1s, fomenta una cultura de esfuerzo, dedicaci\u00f3n y superaci\u00f3n, que contribuye a la transformaci\u00f3n positiva del entorno social y econ\u00f3mico del estado.<\/p>\n<p>Juntos y trabajando en equipo, en Tamaulipas el humanismo es el motor de la transformaci\u00f3n educativa.<\/p>\n<div class='owl-gallery'><div class='item'><a href='https:\/\/www.tamaulipas.gob.mx\/itabec\/wp-content\/uploads\/sites\/23\/2025\/03\/481060757_1105760294928303_6774807367496519228_n.jpg' rel='galeria'><img src='https:\/\/www.tamaulipas.gob.mx\/itabec\/wp-content\/uploads\/sites\/23\/2025\/03\/481060757_1105760294928303_6774807367496519228_n-850x500.jpg' srcset='' sizes='auto' alt=''><\/a><figcaption><\/figcaption><\/div><div class='item'><a href='https:\/\/www.tamaulipas.gob.mx\/itabec\/wp-content\/uploads\/sites\/23\/2025\/03\/482081296_1105760228261643_6703814325623144421_n-1.jpg' rel='galeria'><img src='https:\/\/www.tamaulipas.gob.mx\/itabec\/wp-content\/uploads\/sites\/23\/2025\/03\/482081296_1105760228261643_6703814325623144421_n-1-850x500.jpg' srcset='' sizes='auto' alt=''><\/a><figcaption><\/figcaption><\/div><div class='item'><a href='https:\/\/www.tamaulipas.gob.mx\/itabec\/wp-content\/uploads\/sites\/23\/2025\/03\/481082600_1105760571594942_3079392541992478190_n.jpg' rel='galeria'><img src='https:\/\/www.tamaulipas.gob.mx\/itabec\/wp-content\/uploads\/sites\/23\/2025\/03\/481082600_1105760571594942_3079392541992478190_n-800x500.jpg' srcset='' sizes='auto' alt=''><\/a><figcaption><\/figcaption><\/div><div class='item'><a href='https:\/\/www.tamaulipas.gob.mx\/itabec\/wp-content\/uploads\/sites\/23\/2025\/03\/481055608_1105760388261627_1310221127306562604_n.jpg' rel='galeria'><img src='https:\/\/www.tamaulipas.gob.mx\/itabec\/wp-content\/uploads\/sites\/23\/2025\/03\/481055608_1105760388261627_1310221127306562604_n-850x500.jpg' srcset='' sizes='auto' alt=''><\/a><figcaption><\/figcaption><\/div><div class='item'><a href='https:\/\/www.tamaulipas.gob.mx\/itabec\/wp-content\/uploads\/sites\/23\/2025\/03\/481055408_1105760438261622_3310238000039702002_n-1.jpg' rel='galeria'><img src='https:\/\/www.tamaulipas.gob.mx\/itabec\/wp-content\/uploads\/sites\/23\/2025\/03\/481055408_1105760438261622_3310238000039702002_n-1-800x500.jpg' srcset='' sizes='auto' alt=''><\/a><figcaption><\/figcaption><\/div><div class='item'><a href='https:\/\/www.tamaulipas.gob.mx\/itabec\/wp-content\/uploads\/sites\/23\/2025\/03\/480802801_1105760288261637_9026209490099563086_n.jpg' rel='galeria'><img src='https:\/\/www.tamaulipas.gob.mx\/itabec\/wp-content\/uploads\/sites\/23\/2025\/03\/480802801_1105760288261637_9026209490099563086_n-850x500.jpg' srcset='' sizes='auto' alt=''><\/a><figcaption><\/figcaption><\/div><\/div>\n","protected":false},"excerpt":{"rendered":"<p>En representaci\u00f3n del gobernador de Tamaulipas, Am\u00e9rico Villarreal Anaya, la titular de la Secretar\u00eda de Educaci\u00f3n en el estado, Luc\u00eda Aim\u00e9 Castillo Pastor, hizo entrega,\u2026<\/p>\n","protected":false},"author":31,"featured_media":1257,"comment_status":"closed","ping_status":"closed","sticky":false,"template":"","format":"standard","meta":{"footnotes":""},"categories":[1],"tags":[],"class_list":["post-1251","post","type-post","status-publish","format-standard","has-post-thumbnail","hentry","category-prensa"],"publishpress_future_action":{"enabled":false,"date":"2026-05-05 09:00:26","action":"change-status","newStatus":"draft","terms":[],"taxonomy":"category"},"_links":{"self":[{"href":"https:\/\/www.tamaulipas.gob.mx\/itabec\/wp-json\/wp\/v2\/posts\/1251"}],"collection":[{"href":"https:\/\/www.tamaulipas.gob.mx\/itabec\/wp-json\/wp\/v2\/posts"}],"about":[{"href":"https:\/\/www.tamaulipas.gob.mx\/itabec\/wp-json\/wp\/v2\/types\/post"}],"author":[{"embeddable":true,"href":"https:\/\/www.tamaulipas.gob.mx\/itabec\/wp-json\/wp\/v2\/users\/31"}],"replies":[{"embeddable":true,"href":"https:\/\/www.tamaulipas.gob.mx\/itabec\/wp-json\/wp\/v2\/comments?post=1251"}],"version-history":[{"count":1,"href":"https:\/\/www.tamaulipas.gob.mx\/itabec\/wp-json\/wp\/v2\/posts\/1251\/revisions"}],"predecessor-version":[{"id":1258,"href":"https:\/\/www.tamaulipas.gob.mx\/itabec\/wp-json\/wp\/v2\/posts\/1251\/revisions\/1258"}],"wp:featuredmedia":[{"embeddable":true,"href":"https:\/\/www.tamaulipas.gob.mx\/itabec\/wp-json\/wp\/v2\/media\/1257"}],"wp:attachment":[{"href":"https:\/\/www.tamaulipas.gob.mx\/itabec\/wp-json\/wp\/v2\/media?parent=1251"}],"wp:term":[{"taxonomy":"category","embeddable":true,"href":"https:\/\/www.tamaulipas.gob.mx\/itabec\/wp-json\/wp\/v2\/categories?post=1251"},{"taxonomy":"post_tag","embeddable":true,"href":"https:\/\/www.tamaulipas.gob.mx\/itabec\/wp-json\/wp\/v2\/tags?post=1251"}],"curies":[{"name":"wp","href":"https:\/\/api.w.org\/{rel}","templated":true}]}}