{"id":5090,"date":"2021-11-11T09:13:05","date_gmt":"2021-11-11T15:13:05","guid":{"rendered":"https:\/\/www.tamaulipas.gob.mx\/desarrollorural\/?p=5090"},"modified":"2021-12-13T12:25:45","modified_gmt":"2021-12-13T18:25:45","slug":"xxxix-exposicion-nacional-beefmaster-2021","status":"publish","type":"post","link":"https:\/\/www.tamaulipas.gob.mx\/desarrollorural\/2021\/11\/xxxix-exposicion-nacional-beefmaster-2021\/","title":{"rendered":"XXXIX EXPOSICION NACIONAL BEEFMASTER 2021"},"content":{"rendered":"<p>Biol. Mar\u00eda Guadalupe Vega Barr\u00f3n y L.C.A. Jos\u00e9 Luis Rosales Fuentes.<\/p>\n<p style=\"text-align: justify; background: white; margin: 0cm 0cm 15.0pt 0cm;\"><span style=\"font-size: 10.5pt; font-family: 'Open Sans',sans-serif; color: #333333;\">En esta ocasi\u00f3n tuvimos un invitado que tiene que ver con el sector rural el Ing. Gerardo Barrera Pe\u00f1a, quien es el Director de Extensionismo Pecuario y Encargado de la Direcci\u00f3n de Fomento Pecuario en la Secretaria de Desarrollo Rural.<\/span><\/p>\n<p style=\"text-align: justify; background: white; box-sizing: border-box; font-variant-ligatures: normal; font-variant-caps: normal; orphans: 2; widows: 2; -webkit-text-stroke-width: 0px; text-decoration-thickness: initial; text-decoration-style: initial; text-decoration-color: initial; word-spacing: 0px; margin: 0cm 0cm 15.0pt 0cm;\" data-uw-styling-context=\"true\"><span style=\"font-size: 10.5pt; font-family: 'Open Sans',sans-serif; color: #333333;\">Nos platic\u00f3 sobre la XXXIX exposici\u00f3n nacional Beefmaster 2021, que se llevara a cabo en el marco de la Feria Tamaulipas 2021. Nos platic\u00f3 como se lleva a cabo una subasta en que consiste la mec\u00e1nica en donde se ofertan los Toros al mejor postor ganado de raza Beefmaster. En esta Exposici\u00f3n estar\u00e1n presentes ganaderos de todo el estado, as\u00ed como invitados de otros estados en los que podr\u00e1n apreciar y ver este tipo de raza Beefmaster.<\/span><\/p>\n<p>En el evento se desarrolla de la siguiente manera:<\/p>\n<table style=\"border-collapse: collapse; width: 100%;\">\n<tbody>\n<tr style=\"background-color: #3e79f7;\">\n<td style=\"width: 33.3333%;\"><strong>FECHA<\/strong><\/td>\n<td style=\"width: 33.3333%;\"><strong>HORA<\/strong><\/td>\n<td style=\"width: 33.3333%;\"><strong>CONCEPTO<\/strong><\/td>\n<\/tr>\n<tr>\n<td style=\"width: 33.3333%;\">12 de noviembre<\/td>\n<td style=\"width: 33.3333%;\">06:00 p.m.<\/td>\n<td style=\"width: 33.3333%;\">Inauguraci\u00f3n<\/td>\n<\/tr>\n<tr>\n<td style=\"width: 33.3333%;\">18 de noviembre<\/td>\n<td style=\"width: 33.3333%;\">10:00 a.m<\/td>\n<td style=\"width: 33.3333%;\">Calificaci\u00f3n hembras<\/td>\n<\/tr>\n<tr>\n<td style=\"width: 33.3333%;\">19 de noviembre<\/td>\n<td style=\"width: 33.3333%;\">09:00 a.m<\/td>\n<td style=\"width: 33.3333%;\">Calificaci\u00f2n machos<\/td>\n<\/tr>\n<tr>\n<td style=\"width: 33.3333%;\">19 de noviembre<\/td>\n<td style=\"width: 33.3333%;\">02:00 p.m<\/td>\n<td style=\"width: 33.3333%;\">Premiaci\u00f3n<\/td>\n<\/tr>\n<tr>\n<td style=\"width: 33.3333%;\">20 de noviembre<\/td>\n<td style=\"width: 33.3333%;\">09:00 a.m<\/td>\n<td style=\"width: 33.3333%;\">Exhibici\u00f3n de ganado a subastar<\/td>\n<\/tr>\n<tr>\n<td style=\"width: 33.3333%;\">20 de noviembre<\/td>\n<td style=\"width: 33.3333%;\">02:00 p.m<\/td>\n<td style=\"width: 33.3333%;\">SUBASTA<\/td>\n<\/tr>\n<\/tbody>\n<\/table>\n<p><strong>Participaran 34 ganader\u00edas de los estados de Nuevo Le\u00f3n, Coahuila y Tamaulipas.<\/strong><\/p>\n<p style=\"text-align: justify; background: white; margin: 0cm 0cm 15.0pt 0cm;\"><span style=\"font-size: 10.5pt; font-family: 'Open Sans',sans-serif; color: #333333;\">Cabe destacar que en dicha exposici\u00f3n tambi\u00e9n habr\u00e1 una granja demostrativa donde los ni\u00f1os podr\u00e1n interactuar con los animalitos de campo, como chivas borregas, cerditos entre otros. Esta exposici\u00f3n estar\u00e1 desde el inicio de la Exposici\u00f3n de Beefmaster hasta el final de esta.<\/span><\/p>\n<p style=\"text-align: start; background: white; box-sizing: border-box; font-variant-ligatures: normal; font-variant-caps: normal; orphans: 2; widows: 2; -webkit-text-stroke-width: 0px; text-decoration-thickness: initial; text-decoration-style: initial; text-decoration-color: initial; word-spacing: 0px; margin: 0cm 0cm 15.0pt 0cm;\" data-uw-styling-context=\"true\"><span style=\"font-size: 10.5pt; font-family: 'Open Sans',sans-serif; color: #333333;\">Cabe mencionar que habr\u00e1 unos apoyos por parte del Programa Mejoramiento Gen\u00e9tico 2021 el \u00faltimo d\u00eda de la Feria de Ganado bovino y especies menores, para los municipios que no alcanzaron apoyos estos ser\u00edan:<\/span><\/p>\n<p style=\"text-align: start; background: white; box-sizing: border-box; font-variant-ligatures: normal; font-variant-caps: normal; orphans: 2; widows: 2; -webkit-text-stroke-width: 0px; text-decoration-thickness: initial; text-decoration-style: initial; text-decoration-color: initial; word-spacing: 0px; margin: 0cm 0cm 15.0pt 0cm;\" data-uw-styling-context=\"true\"><span style=\"font-size: 10.5pt; font-family: 'Open Sans',sans-serif; color: #333333;\">Abasolo, Jim\u00e9nez, San Carlos, San Nicolas, Padilla, G\u00fc\u00e9mez, Victoria, Villa de Casas, Villagr\u00e1n, Hidalgo, Mainero, Tula, Bustamante, Palmillas, Miquihuana, Jaumave y Gonz\u00e1lez.<\/span><\/p>\n<p>&nbsp;<\/p>\n","protected":false},"excerpt":{"rendered":"<p>Biol. Mar\u00eda Guadalupe Vega Barr\u00f3n y L.C.A. Jos\u00e9 Luis Rosales Fuentes. En esta ocasi\u00f3n tuvimos un invitado que tiene que ver con el sector rural\u2026<\/p>\n","protected":false},"author":11,"featured_media":5102,"comment_status":"closed","ping_status":"closed","sticky":false,"template":"","format":"standard","meta":{"footnotes":""},"categories":[1],"tags":[],"class_list":["post-5090","post","type-post","status-publish","format-standard","has-post-thumbnail","hentry","category-prensa"],"publishpress_future_action":{"enabled":false,"date":"2026-05-08 11:13:38","action":"change-status","newStatus":"draft","terms":[],"taxonomy":"category"},"_links":{"self":[{"href":"https:\/\/www.tamaulipas.gob.mx\/desarrollorural\/wp-json\/wp\/v2\/posts\/5090"}],"collection":[{"href":"https:\/\/www.tamaulipas.gob.mx\/desarrollorural\/wp-json\/wp\/v2\/posts"}],"about":[{"href":"https:\/\/www.tamaulipas.gob.mx\/desarrollorural\/wp-json\/wp\/v2\/types\/post"}],"author":[{"embeddable":true,"href":"https:\/\/www.tamaulipas.gob.mx\/desarrollorural\/wp-json\/wp\/v2\/users\/11"}],"replies":[{"embeddable":true,"href":"https:\/\/www.tamaulipas.gob.mx\/desarrollorural\/wp-json\/wp\/v2\/comments?post=5090"}],"version-history":[{"count":13,"href":"https:\/\/www.tamaulipas.gob.mx\/desarrollorural\/wp-json\/wp\/v2\/posts\/5090\/revisions"}],"predecessor-version":[{"id":5174,"href":"https:\/\/www.tamaulipas.gob.mx\/desarrollorural\/wp-json\/wp\/v2\/posts\/5090\/revisions\/5174"}],"wp:featuredmedia":[{"embeddable":true,"href":"https:\/\/www.tamaulipas.gob.mx\/desarrollorural\/wp-json\/wp\/v2\/media\/5102"}],"wp:attachment":[{"href":"https:\/\/www.tamaulipas.gob.mx\/desarrollorural\/wp-json\/wp\/v2\/media?parent=5090"}],"wp:term":[{"taxonomy":"category","embeddable":true,"href":"https:\/\/www.tamaulipas.gob.mx\/desarrollorural\/wp-json\/wp\/v2\/categories?post=5090"},{"taxonomy":"post_tag","embeddable":true,"href":"https:\/\/www.tamaulipas.gob.mx\/desarrollorural\/wp-json\/wp\/v2\/tags?post=5090"}],"curies":[{"name":"wp","href":"https:\/\/api.w.org\/{rel}","templated":true}]}}