{"id":781,"date":"2017-10-09T13:06:34","date_gmt":"2017-10-09T18:06:34","guid":{"rendered":"http:\/\/www.tamaulipas.gob.mx\/contraloria\/?p=781"},"modified":"2025-05-07T11:50:14","modified_gmt":"2025-05-07T17:50:14","slug":"capacitan-a-servidores-publicos-de-la-administracion-publica-estatal-en-la-implementacion-del-sistema-de-control-interno-institucional","status":"publish","type":"post","link":"https:\/\/www.tamaulipas.gob.mx\/anticorrupcion\/2017\/10\/capacitan-a-servidores-publicos-de-la-administracion-publica-estatal-en-la-implementacion-del-sistema-de-control-interno-institucional\/","title":{"rendered":"Capacitan a servidores p\u00fablicos de la Administraci\u00f3n P\u00fablica Estatal en la implementaci\u00f3n del Sistema de Control Interno Institucional"},"content":{"rendered":"<p style=\"text-align: justify\"><span style=\"font-family: helvetica, arial, sans-serif\">Septiembre 20 de 2017<\/span><\/p>\n<p style=\"text-align: justify\"><span style=\"font-family: helvetica, arial, sans-serif\">Ciudad Victoria, Tam.- La Contralor\u00eda Gubernamental de Tamaulipas y la Secretar\u00eda de la Funci\u00f3n P\u00fablica impartieron el curso \u201cAsesor\u00eda para la aplicaci\u00f3n del Control interno de las entidades p\u00fablicas ejecutores del recurso federal\u201d al cual asistieron servidores p\u00fablicos que fungen como enlaces de Control Interno en las dependencias y entidades, as\u00ed como los titulares de los \u00d3rganos de Control Interno y comisarios de cada una, respectivamente.<\/span><br \/>\n<span style=\"font-family: helvetica, arial, sans-serif\">El contralor gubernamental Mario Soria Landero, al inaugurar el curso conmino a los asistentes a tener clara la visi\u00f3n del gobernador del estado Francisco Garc\u00eda Cabeza de Vaca, de garantizar a la sociedad el sano manejo de las finanzas p\u00fablicas, mediante la prevenci\u00f3n de conductas que pudieran ser irregulares.<\/span><br \/>\n<span style=\"font-family: helvetica, arial, sans-serif\">EL curso estuvo a cargo de El asesor de la secretaria funci\u00f3n p\u00fablica Carlos Alberto Linares Reyes y funcionarios de la de la Subcontralor\u00eda de Evaluaci\u00f3n y Mejora de la Gesti\u00f3n de la Contralor\u00eda Gubernamental.<\/span><br \/>\n<span style=\"font-family: helvetica, arial, sans-serif\">El Objetivo general de la asesor\u00eda fue fortalecer el Sistema de Control Interno de los entes p\u00fablicos para proporcionar una seguridad razonable sobre la consecuci\u00f3n de las metas y objetivos institucionales y la salvaguarda de los recursos p\u00fablicos, as\u00ed como prevenir actos contrarios a la integridad.<\/span><br \/>\n<span style=\"font-family: helvetica, arial, sans-serif\">Durante el curso, los asistentes conocieron las disposiciones que deber\u00e1n observar para el establecimiento, supervisi\u00f3n, evaluaci\u00f3n, actualizaci\u00f3n y mejora continua de su Modelo estatal del Marco integrado del Control interno (MEMICI) y del Manual Administrativo de Aplicaci\u00f3n general en materia de control interno.<\/span><br \/>\n<span style=\"font-family: helvetica, arial, sans-serif\">El evento tuvo lugar en el auditorio del Congreso de Tamaulipas, con la asistencia de 95 servidores P\u00fablicos, el pasado 22 de septiembre de 2017.<\/span><\/p>\n<p><img loading=\"lazy\" decoding=\"async\" class=\"alignnone size-full wp-image-785\" src=\"http:\/\/www.tamaulipas.gob.mx\/contraloria\/wp-content\/uploads\/sites\/15\/2017\/10\/jlsl4158.jpg\" alt=\"\" width=\"1200\" height=\"800\" \/> <img loading=\"lazy\" decoding=\"async\" class=\"alignnone size-full wp-image-786\" src=\"http:\/\/www.tamaulipas.gob.mx\/contraloria\/wp-content\/uploads\/sites\/15\/2017\/10\/jlsl4220.jpg\" alt=\"\" width=\"1200\" height=\"800\" \/> <img loading=\"lazy\" decoding=\"async\" class=\"alignnone size-full wp-image-783\" src=\"http:\/\/www.tamaulipas.gob.mx\/contraloria\/wp-content\/uploads\/sites\/15\/2017\/10\/jlsl4052.jpg\" alt=\"\" width=\"1200\" height=\"800\" \/> <img loading=\"lazy\" decoding=\"async\" class=\"alignnone size-full wp-image-784\" src=\"http:\/\/www.tamaulipas.gob.mx\/contraloria\/wp-content\/uploads\/sites\/15\/2017\/10\/jlsl4148.jpg\" alt=\"\" width=\"1200\" height=\"800\" \/><\/p>\n","protected":false},"excerpt":{"rendered":"<p>Septiembre 20 de 2017 Ciudad Victoria, Tam.- La Contralor\u00eda Gubernamental de Tamaulipas y la Secretar\u00eda de la Funci\u00f3n P\u00fablica impartieron el curso \u201cAsesor\u00eda para la\u2026<\/p>\n","protected":false},"author":462,"featured_media":782,"comment_status":"closed","ping_status":"closed","sticky":false,"template":"","format":"standard","meta":{"footnotes":""},"categories":[1],"tags":[],"class_list":["post-781","post","type-post","status-publish","format-standard","has-post-thumbnail","hentry","category-prensa"],"publishpress_future_action":{"enabled":false,"date":"2026-05-05 02:01:15","action":"change-status","newStatus":"draft","terms":[],"taxonomy":"category"},"_links":{"self":[{"href":"https:\/\/www.tamaulipas.gob.mx\/anticorrupcion\/wp-json\/wp\/v2\/posts\/781"}],"collection":[{"href":"https:\/\/www.tamaulipas.gob.mx\/anticorrupcion\/wp-json\/wp\/v2\/posts"}],"about":[{"href":"https:\/\/www.tamaulipas.gob.mx\/anticorrupcion\/wp-json\/wp\/v2\/types\/post"}],"author":[{"embeddable":true,"href":"https:\/\/www.tamaulipas.gob.mx\/anticorrupcion\/wp-json\/wp\/v2\/users\/462"}],"replies":[{"embeddable":true,"href":"https:\/\/www.tamaulipas.gob.mx\/anticorrupcion\/wp-json\/wp\/v2\/comments?post=781"}],"version-history":[{"count":3,"href":"https:\/\/www.tamaulipas.gob.mx\/anticorrupcion\/wp-json\/wp\/v2\/posts\/781\/revisions"}],"predecessor-version":[{"id":789,"href":"https:\/\/www.tamaulipas.gob.mx\/anticorrupcion\/wp-json\/wp\/v2\/posts\/781\/revisions\/789"}],"wp:featuredmedia":[{"embeddable":true,"href":"https:\/\/www.tamaulipas.gob.mx\/anticorrupcion\/wp-json\/wp\/v2\/media\/782"}],"wp:attachment":[{"href":"https:\/\/www.tamaulipas.gob.mx\/anticorrupcion\/wp-json\/wp\/v2\/media?parent=781"}],"wp:term":[{"taxonomy":"category","embeddable":true,"href":"https:\/\/www.tamaulipas.gob.mx\/anticorrupcion\/wp-json\/wp\/v2\/categories?post=781"},{"taxonomy":"post_tag","embeddable":true,"href":"https:\/\/www.tamaulipas.gob.mx\/anticorrupcion\/wp-json\/wp\/v2\/tags?post=781"}],"curies":[{"name":"wp","href":"https:\/\/api.w.org\/{rel}","templated":true}]}}